{"id":1527,"date":"2022-12-15T13:58:44","date_gmt":"2022-12-15T12:58:44","guid":{"rendered":"https:\/\/medviu.ch\/?p=1527"},"modified":"2023-01-10T15:25:41","modified_gmt":"2023-01-10T14:25:41","slug":"prendre-le-pouls-avec-medviu-sur-des-themes-specifiques","status":"publish","type":"post","link":"https:\/\/medviu.ch\/fr\/prendre-le-pouls-avec-medviu-sur-des-themes-specifiques\/","title":{"rendered":"Prendre le pouls avec medviu sur des th\u00e8mes sp\u00e9cifiques"},"content":{"rendered":"\n<p><em>Les reportages m\u00e9diatiques sur le secteur de la sant\u00e9 sont tr\u00e8s diversifi\u00e9s. Il est clair que les int\u00e9r\u00eats des lecteurs de notre revue de presse divergent selon le domaine professionnel exact. Nos dossiers th\u00e9matiques sp\u00e9cifiques vous aident \u00e0 trouver les articles qui vous int\u00e9ressent.<\/em><\/p>\n\n\n\n<p>Au sein du secteur de la sant\u00e9, certains discours sont constants et font l&rsquo;objet d&rsquo;un abonnement permanent dans le paysage m\u00e9diatique suisse. La p\u00e9nurie de m\u00e9decins en fait partie, tout comme les fameuses augmentations de primes, le Tarmed et le dossier \u00e9lectronique du patient. D&rsquo;autres poussent comme des champignons. Le th\u00e8me du \u00ab\u00a0don d&rsquo;organes\u00a0\u00bb a attir\u00e9 l&rsquo;attention gr\u00e2ce \u00e0 la votation populaire sur la solution d&rsquo;opposition. Alors que la pand\u00e9mie a \u00e9t\u00e9 suivie d&rsquo;un retour \u00e0 la normale sur une grande partie du territoire, les m\u00e9dias font d\u00e9sormais \u00e9tat de nombreuses personnes souffrant de Long Covid. Et entre-temps, la variole du singe a fait la une des journaux au printemps et en \u00e9t\u00e9. Qu&rsquo;il s&rsquo;agisse d&rsquo;un discours \u00e0 long ou \u00e0 court terme dans les m\u00e9dias, la medviu souhaite mettre \u00e0 la disposition des clients les rapports sur les sujets br\u00fblants de mani\u00e8re claire et concise. Gr\u00e2ce \u00e0 nos dossiers th\u00e9matiques, vous restez toujours au courant des sujets que vous pr\u00e9f\u00e9rez.<\/p>\n\n\n\n<figure class=\"wp-block-image size-full is-resized\"><img decoding=\"async\" data-src=\"https:\/\/medviu.ch\/wp-content\/uploads\/2022\/12\/Schreenshots-Themendossiers.jpg\" alt=\"\" class=\"wp-image-1495 lazyload\" width=\"836\" height=\"608\" data-srcset=\"https:\/\/medviu.ch\/wp-content\/uploads\/2022\/12\/Schreenshots-Themendossiers.jpg 905w, https:\/\/medviu.ch\/wp-content\/uploads\/2022\/12\/Schreenshots-Themendossiers-300x218.jpg 300w, https:\/\/medviu.ch\/wp-content\/uploads\/2022\/12\/Schreenshots-Themendossiers-768x559.jpg 768w, https:\/\/medviu.ch\/wp-content\/uploads\/2022\/12\/Schreenshots-Themendossiers-700x510.jpg 700w, https:\/\/medviu.ch\/wp-content\/uploads\/2022\/12\/Schreenshots-Themendossiers-400x291.jpg 400w, https:\/\/medviu.ch\/wp-content\/uploads\/2022\/12\/Schreenshots-Themendossiers-500x364.jpg 500w\" data-sizes=\"(max-width: 836px) 100vw, 836px\" src=\"data:image\/svg+xml;base64,PHN2ZyB3aWR0aD0iMSIgaGVpZ2h0PSIxIiB4bWxucz0iaHR0cDovL3d3dy53My5vcmcvMjAwMC9zdmciPjwvc3ZnPg==\" style=\"--smush-placeholder-width: 836px; --smush-placeholder-aspect-ratio: 836\/608;\" \/><\/figure>\n\n\n\n<p>Si vous disposez d&rsquo;un login medviu, vous pouvez facilement afficher \u00ab\u00a0votre\u00a0\u00bb dossier th\u00e9matique sur la page d&rsquo;accueil de votre compte :<\/p>\n\n\n\n<ol class=\"wp-block-list\">\n<li>Cliquez en haut \u00e0 droite sur l&rsquo;ic\u00f4ne du profil et s\u00e9lectionnez ensuite \u00ab\u00a0Param\u00e8tres\u00a0\u00bb. S\u00e9lectionnez ensuite sur le c\u00f4t\u00e9 droit \u00ab\u00a0Rubriques\/Dossiers th\u00e9matiques\u00a0\u00bb.<\/li>\n\n\n\n<li>. S\u00e9lectionnez sur le c\u00f4t\u00e9 droit les dossiers th\u00e9matiques qui vous int\u00e9ressent.<\/li>\n\n\n\n<li>Cliquez sur \u00ab\u00a0Biblioth\u00e8que\u00a0\u00bb dans l&rsquo;onglet sup\u00e9rieur. Les dossiers th\u00e9matiques que vous avez s\u00e9lectionn\u00e9s pr\u00e9c\u00e9demment apparaissent sur la droite. L&rsquo;affichage des dossiers peut prendre jusqu&rsquo;\u00e0 une minute.<\/li>\n\n\n\n<li>Si vous cliquez sur l&rsquo;ic\u00f4ne en forme d&rsquo;\u00e9toile \u00e0 droite de l&rsquo;un des dossiers th\u00e9matiques, celui-ci s&rsquo;affiche d\u00e8s \u00e0 pr\u00e9sent dans le tiers droit de la page d&rsquo;accueil sous \u00ab\u00a0Mes clippings\u00a0\u00bb.<\/li>\n<\/ol>\n\n\n\n<p>Vous souhaitez \u00eatre inform\u00e9 automatiquement par e-mail d\u00e8s qu&rsquo;un nouvel article est publi\u00e9 dans le dossier th\u00e9matique concern\u00e9 ? C&rsquo;est \u00e9galement possible ! Pour cela, allez \u00e0 nouveau dans les param\u00e8tres et s\u00e9lectionnez \u00ab\u00a0Mails\u00a0\u00bb sur le c\u00f4t\u00e9 gauche. Tout en haut \u00e0 droite, sous \u00ab\u00a0Alerte e-mail\u00a0\u00bb, vous pouvez ensuite cocher la case \u00ab\u00a0Dossiers th\u00e9matiques favoris\u00a0\u00bb.<\/p>\n\n\n\n<p>Sur la base des connaissances actuelles acquises gr\u00e2ce au monitoring des m\u00e9dias dans le domaine de la sant\u00e9 en Suisse, medviu a cr\u00e9\u00e9 quelques nouveaux dossiers th\u00e9matiques au cours des derni\u00e8res semaines <\/p>\n\n\n\n<p><strong>Long Covid :<\/strong> La maladie de longue dur\u00e9e apr\u00e8s une infection \u00e0 coronavirus pose de nouveaux d\u00e9fis aussi bien aux personnes concern\u00e9es qu&rsquo;au syst\u00e8me de sant\u00e9. De nombreux malades ne se sentent pas pris au s\u00e9rieux par les m\u00e9decins et les caisses d&rsquo;assurance maladie.<\/p>\n\n\n\n<p><strong>Avortement <\/strong>: ce sujet fait r\u00e9guli\u00e8rement la une des m\u00e9dias, et pas seulement suite \u00e0 des d\u00e9cisions de justice aux Etats-Unis. R\u00e9cemment, une \u00ab\u00a0pilule anti-avortement\u00a0\u00bb cens\u00e9e annuler les avortements a fait les gros titres.<\/p>\n\n\n\n<p><strong>La num\u00e9risation dans le secteur de la sant\u00e9 :<\/strong> Le dossier \u00e9lectronique du patient (DEP) est souhait\u00e9 depuis longtemps par diverses parties, mais il ne d\u00e9marre pas vraiment. La F\u00e9d\u00e9ration des m\u00e9decins suisses (FMH) et la Soci\u00e9t\u00e9 suisse des pharmaciens (pharmaSuisse) \u00e9laborent actuellement une solution nationale de prescription \u00e9lectronique conforme \u00e0 la l\u00e9gislation.<\/p>\n\n\n\n<p><strong>D\u00e9pendance :<\/strong> Saviez-vous que la Suisse occupe l&rsquo;avant-derni\u00e8re place en Europe dans le classement de la pr\u00e9vention du tabagisme ? C&rsquo;est ce que montre un classement de l&rsquo;association des ligues europ\u00e9ennes contre le cancer. On estime qu&rsquo;en Suisse, une personne sur 34 est d\u00e9pendante de l&rsquo;alcool.<\/p>\n\n\n\n<p>Sans grande surprise, le \u00ab\u00a0coronavirus\u00a0\u00bb est le plus grand dossier th\u00e9matique avec plus de 45 000 articles, suivi de la vaccination avec plus de 16 000 rapports. Le \u00ab\u00a0personnel soignant\u00a0\u00bb arrive en troisi\u00e8me position.<\/p>\n\n\n\n<p><a href=\"https:\/\/app.medviu.ch\/#\/\">Connectez-vous<\/a> maintenant et personnalisez votre revue de presse &#8211; en toute simplicit\u00e9.<\/p>\n\n\n\n<p><em>Vous avez des id\u00e9es ou des souhaits concernant les nouveaux dossiers th\u00e9matiques que nous pourrions cr\u00e9er pour vous ? N&rsquo;h\u00e9sitez pas \u00e0 nous en faire part. Ecrivez-nous \u00e0 <a href=\"mailto:contact@medviu.ch\">contact@medviu.ch<\/a>.<\/em><\/p>\n","protected":false},"excerpt":{"rendered":"<p>Les reportages m\u00e9diatiques sur le secteur de la sant\u00e9 sont tr\u00e8s diversifi\u00e9s. Il est clair que les int\u00e9r\u00eats des lecteurs de notre revue de presse divergent selon le domaine professionnel exact. Nos dossiers th\u00e9matiques sp\u00e9cifiques vous aident \u00e0 trouver les articles qui vous int\u00e9ressent. Au sein du secteur de la sant\u00e9, certains discours sont constants [&hellip;]<\/p>\n","protected":false},"author":3,"featured_media":1510,"comment_status":"closed","ping_status":"closed","sticky":false,"template":"","format":"standard","meta":{"_acf_changed":false,"content-type":"","footnotes":""},"categories":[9],"tags":[23,32,27],"class_list":["post-1527","post","type-post","status-publish","format-standard","has-post-thumbnail","hentry","category-observation-des-medias","tag-medviu","tag-observation-des-medias","tag-revue-de-presse"],"acf":[],"yoast_head":"<!-- This site is optimized with the Yoast SEO plugin v27.5 - https:\/\/yoast.com\/product\/yoast-seo-wordpress\/ -->\n<title>Prendre le pouls avec medviu sur des th\u00e8mes sp\u00e9cifiques - Medviu<\/title>\n<meta name=\"description\" content=\"Gr\u00e2ce \u00e0 nos dossiers th\u00e9matiques, vous restez toujours au courant des sujets que vous pr\u00e9f\u00e9rez.\" \/>\n<meta name=\"robots\" content=\"index, follow, max-snippet:-1, max-image-preview:large, max-video-preview:-1\" \/>\n<link rel=\"canonical\" href=\"https:\/\/medviu.ch\/fr\/prendre-le-pouls-avec-medviu-sur-des-themes-specifiques\/\" \/>\n<meta property=\"og:locale\" content=\"fr_FR\" \/>\n<meta property=\"og:type\" content=\"article\" \/>\n<meta property=\"og:title\" content=\"Prendre le pouls avec medviu sur des th\u00e8mes sp\u00e9cifiques - Medviu\" \/>\n<meta property=\"og:description\" content=\"Gr\u00e2ce \u00e0 nos dossiers th\u00e9matiques, vous restez toujours au courant des sujets que vous pr\u00e9f\u00e9rez.\" \/>\n<meta property=\"og:url\" content=\"https:\/\/medviu.ch\/fr\/prendre-le-pouls-avec-medviu-sur-des-themes-specifiques\/\" \/>\n<meta property=\"og:site_name\" content=\"Medviu\" \/>\n<meta property=\"article:published_time\" content=\"2022-12-15T12:58:44+00:00\" \/>\n<meta property=\"article:modified_time\" content=\"2023-01-10T14:25:41+00:00\" \/>\n<meta property=\"og:image\" content=\"https:\/\/medviu.ch\/wp-content\/uploads\/2022\/12\/pexels-mart-production-7718802-scaled.jpg\" \/>\n\t<meta property=\"og:image:width\" content=\"2560\" \/>\n\t<meta property=\"og:image:height\" content=\"1707\" \/>\n\t<meta property=\"og:image:type\" content=\"image\/jpeg\" \/>\n<meta name=\"author\" content=\"Tobias Walt\" \/>\n<meta name=\"twitter:card\" content=\"summary_large_image\" \/>\n<meta name=\"twitter:label1\" content=\"\u00c9crit par\" \/>\n\t<meta name=\"twitter:data1\" content=\"Tobias Walt\" \/>\n\t<meta name=\"twitter:label2\" content=\"Dur\u00e9e de lecture estim\u00e9e\" \/>\n\t<meta name=\"twitter:data2\" content=\"4 minutes\" \/>\n<script type=\"application\/ld+json\" class=\"yoast-schema-graph\">{\"@context\":\"https:\\\/\\\/schema.org\",\"@graph\":[{\"@type\":\"Article\",\"@id\":\"https:\\\/\\\/medviu.ch\\\/fr\\\/prendre-le-pouls-avec-medviu-sur-des-themes-specifiques\\\/#article\",\"isPartOf\":{\"@id\":\"https:\\\/\\\/medviu.ch\\\/fr\\\/prendre-le-pouls-avec-medviu-sur-des-themes-specifiques\\\/\"},\"author\":{\"name\":\"Tobias Walt\",\"@id\":\"https:\\\/\\\/medviu.ch\\\/fr\\\/#\\\/schema\\\/person\\\/e3ffce05daf289ceaa28958b640cb03d\"},\"headline\":\"Prendre le pouls avec medviu sur des th\u00e8mes sp\u00e9cifiques\",\"datePublished\":\"2022-12-15T12:58:44+00:00\",\"dateModified\":\"2023-01-10T14:25:41+00:00\",\"mainEntityOfPage\":{\"@id\":\"https:\\\/\\\/medviu.ch\\\/fr\\\/prendre-le-pouls-avec-medviu-sur-des-themes-specifiques\\\/\"},\"wordCount\":724,\"publisher\":{\"@id\":\"https:\\\/\\\/medviu.ch\\\/fr\\\/#organization\"},\"image\":{\"@id\":\"https:\\\/\\\/medviu.ch\\\/fr\\\/prendre-le-pouls-avec-medviu-sur-des-themes-specifiques\\\/#primaryimage\"},\"thumbnailUrl\":\"https:\\\/\\\/medviu.ch\\\/wp-content\\\/uploads\\\/2022\\\/12\\\/pexels-mart-production-7718802-scaled.jpg\",\"keywords\":[\"Medviu\",\"Observation des medias\",\"Revue de Presse\"],\"articleSection\":[\"Observation des m\u00e9dias\"],\"inLanguage\":\"fr-FR\"},{\"@type\":\"WebPage\",\"@id\":\"https:\\\/\\\/medviu.ch\\\/fr\\\/prendre-le-pouls-avec-medviu-sur-des-themes-specifiques\\\/\",\"url\":\"https:\\\/\\\/medviu.ch\\\/fr\\\/prendre-le-pouls-avec-medviu-sur-des-themes-specifiques\\\/\",\"name\":\"Prendre le pouls avec medviu sur des th\u00e8mes sp\u00e9cifiques - Medviu\",\"isPartOf\":{\"@id\":\"https:\\\/\\\/medviu.ch\\\/fr\\\/#website\"},\"primaryImageOfPage\":{\"@id\":\"https:\\\/\\\/medviu.ch\\\/fr\\\/prendre-le-pouls-avec-medviu-sur-des-themes-specifiques\\\/#primaryimage\"},\"image\":{\"@id\":\"https:\\\/\\\/medviu.ch\\\/fr\\\/prendre-le-pouls-avec-medviu-sur-des-themes-specifiques\\\/#primaryimage\"},\"thumbnailUrl\":\"https:\\\/\\\/medviu.ch\\\/wp-content\\\/uploads\\\/2022\\\/12\\\/pexels-mart-production-7718802-scaled.jpg\",\"datePublished\":\"2022-12-15T12:58:44+00:00\",\"dateModified\":\"2023-01-10T14:25:41+00:00\",\"description\":\"Gr\u00e2ce \u00e0 nos dossiers th\u00e9matiques, vous restez toujours au courant des sujets que vous pr\u00e9f\u00e9rez.\",\"breadcrumb\":{\"@id\":\"https:\\\/\\\/medviu.ch\\\/fr\\\/prendre-le-pouls-avec-medviu-sur-des-themes-specifiques\\\/#breadcrumb\"},\"inLanguage\":\"fr-FR\",\"potentialAction\":[{\"@type\":\"ReadAction\",\"target\":[\"https:\\\/\\\/medviu.ch\\\/fr\\\/prendre-le-pouls-avec-medviu-sur-des-themes-specifiques\\\/\"]}]},{\"@type\":\"ImageObject\",\"inLanguage\":\"fr-FR\",\"@id\":\"https:\\\/\\\/medviu.ch\\\/fr\\\/prendre-le-pouls-avec-medviu-sur-des-themes-specifiques\\\/#primaryimage\",\"url\":\"https:\\\/\\\/medviu.ch\\\/wp-content\\\/uploads\\\/2022\\\/12\\\/pexels-mart-production-7718802-scaled.jpg\",\"contentUrl\":\"https:\\\/\\\/medviu.ch\\\/wp-content\\\/uploads\\\/2022\\\/12\\\/pexels-mart-production-7718802-scaled.jpg\",\"width\":2560,\"height\":1707,\"caption\":\"Themendossiers\"},{\"@type\":\"BreadcrumbList\",\"@id\":\"https:\\\/\\\/medviu.ch\\\/fr\\\/prendre-le-pouls-avec-medviu-sur-des-themes-specifiques\\\/#breadcrumb\",\"itemListElement\":[{\"@type\":\"ListItem\",\"position\":1,\"name\":\"Startseite\",\"item\":\"https:\\\/\\\/medviu.ch\\\/fr\\\/\"},{\"@type\":\"ListItem\",\"position\":2,\"name\":\"Prendre le pouls avec medviu sur des th\u00e8mes sp\u00e9cifiques\"}]},{\"@type\":\"WebSite\",\"@id\":\"https:\\\/\\\/medviu.ch\\\/fr\\\/#website\",\"url\":\"https:\\\/\\\/medviu.ch\\\/fr\\\/\",\"name\":\"Medviu\",\"description\":\"Medienspiegel Gesundheitswesen Schweiz\",\"publisher\":{\"@id\":\"https:\\\/\\\/medviu.ch\\\/fr\\\/#organization\"},\"potentialAction\":[{\"@type\":\"SearchAction\",\"target\":{\"@type\":\"EntryPoint\",\"urlTemplate\":\"https:\\\/\\\/medviu.ch\\\/fr\\\/?s={search_term_string}\"},\"query-input\":{\"@type\":\"PropertyValueSpecification\",\"valueRequired\":true,\"valueName\":\"search_term_string\"}}],\"inLanguage\":\"fr-FR\"},{\"@type\":\"Organization\",\"@id\":\"https:\\\/\\\/medviu.ch\\\/fr\\\/#organization\",\"name\":\"Medviu\",\"url\":\"https:\\\/\\\/medviu.ch\\\/fr\\\/\",\"logo\":{\"@type\":\"ImageObject\",\"inLanguage\":\"fr-FR\",\"@id\":\"https:\\\/\\\/medviu.ch\\\/fr\\\/#\\\/schema\\\/logo\\\/image\\\/\",\"url\":\"https:\\\/\\\/medviu.ch\\\/wp-content\\\/uploads\\\/2022\\\/09\\\/logo_medviu-colored.png\",\"contentUrl\":\"https:\\\/\\\/medviu.ch\\\/wp-content\\\/uploads\\\/2022\\\/09\\\/logo_medviu-colored.png\",\"width\":180,\"height\":50,\"caption\":\"Medviu\"},\"image\":{\"@id\":\"https:\\\/\\\/medviu.ch\\\/fr\\\/#\\\/schema\\\/logo\\\/image\\\/\"}},{\"@type\":\"Person\",\"@id\":\"https:\\\/\\\/medviu.ch\\\/fr\\\/#\\\/schema\\\/person\\\/e3ffce05daf289ceaa28958b640cb03d\",\"name\":\"Tobias Walt\",\"image\":{\"@type\":\"ImageObject\",\"inLanguage\":\"fr-FR\",\"@id\":\"https:\\\/\\\/secure.gravatar.com\\\/avatar\\\/4f6314a50eff6bab933dec77295501ef77f5ffbfa56c8d7196c3f038c3f03837?s=96&d=mm&r=g\",\"url\":\"https:\\\/\\\/secure.gravatar.com\\\/avatar\\\/4f6314a50eff6bab933dec77295501ef77f5ffbfa56c8d7196c3f038c3f03837?s=96&d=mm&r=g\",\"contentUrl\":\"https:\\\/\\\/secure.gravatar.com\\\/avatar\\\/4f6314a50eff6bab933dec77295501ef77f5ffbfa56c8d7196c3f038c3f03837?s=96&d=mm&r=g\",\"caption\":\"Tobias Walt\"},\"url\":\"https:\\\/\\\/medviu.ch\\\/fr\\\/author\\\/twalt\\\/\"}]}<\/script>\n<!-- \/ Yoast SEO plugin. -->","yoast_head_json":{"title":"Prendre le pouls avec medviu sur des th\u00e8mes sp\u00e9cifiques - Medviu","description":"Gr\u00e2ce \u00e0 nos dossiers th\u00e9matiques, vous restez toujours au courant des sujets que vous pr\u00e9f\u00e9rez.","robots":{"index":"index","follow":"follow","max-snippet":"max-snippet:-1","max-image-preview":"max-image-preview:large","max-video-preview":"max-video-preview:-1"},"canonical":"https:\/\/medviu.ch\/fr\/prendre-le-pouls-avec-medviu-sur-des-themes-specifiques\/","og_locale":"fr_FR","og_type":"article","og_title":"Prendre le pouls avec medviu sur des th\u00e8mes sp\u00e9cifiques - Medviu","og_description":"Gr\u00e2ce \u00e0 nos dossiers th\u00e9matiques, vous restez toujours au courant des sujets que vous pr\u00e9f\u00e9rez.","og_url":"https:\/\/medviu.ch\/fr\/prendre-le-pouls-avec-medviu-sur-des-themes-specifiques\/","og_site_name":"Medviu","article_published_time":"2022-12-15T12:58:44+00:00","article_modified_time":"2023-01-10T14:25:41+00:00","og_image":[{"width":2560,"height":1707,"url":"https:\/\/medviu.ch\/wp-content\/uploads\/2022\/12\/pexels-mart-production-7718802-scaled.jpg","type":"image\/jpeg"}],"author":"Tobias Walt","twitter_card":"summary_large_image","twitter_misc":{"\u00c9crit par":"Tobias Walt","Dur\u00e9e de lecture estim\u00e9e":"4 minutes"},"schema":{"@context":"https:\/\/schema.org","@graph":[{"@type":"Article","@id":"https:\/\/medviu.ch\/fr\/prendre-le-pouls-avec-medviu-sur-des-themes-specifiques\/#article","isPartOf":{"@id":"https:\/\/medviu.ch\/fr\/prendre-le-pouls-avec-medviu-sur-des-themes-specifiques\/"},"author":{"name":"Tobias Walt","@id":"https:\/\/medviu.ch\/fr\/#\/schema\/person\/e3ffce05daf289ceaa28958b640cb03d"},"headline":"Prendre le pouls avec medviu sur des th\u00e8mes sp\u00e9cifiques","datePublished":"2022-12-15T12:58:44+00:00","dateModified":"2023-01-10T14:25:41+00:00","mainEntityOfPage":{"@id":"https:\/\/medviu.ch\/fr\/prendre-le-pouls-avec-medviu-sur-des-themes-specifiques\/"},"wordCount":724,"publisher":{"@id":"https:\/\/medviu.ch\/fr\/#organization"},"image":{"@id":"https:\/\/medviu.ch\/fr\/prendre-le-pouls-avec-medviu-sur-des-themes-specifiques\/#primaryimage"},"thumbnailUrl":"https:\/\/medviu.ch\/wp-content\/uploads\/2022\/12\/pexels-mart-production-7718802-scaled.jpg","keywords":["Medviu","Observation des medias","Revue de Presse"],"articleSection":["Observation des m\u00e9dias"],"inLanguage":"fr-FR"},{"@type":"WebPage","@id":"https:\/\/medviu.ch\/fr\/prendre-le-pouls-avec-medviu-sur-des-themes-specifiques\/","url":"https:\/\/medviu.ch\/fr\/prendre-le-pouls-avec-medviu-sur-des-themes-specifiques\/","name":"Prendre le pouls avec medviu sur des th\u00e8mes sp\u00e9cifiques - Medviu","isPartOf":{"@id":"https:\/\/medviu.ch\/fr\/#website"},"primaryImageOfPage":{"@id":"https:\/\/medviu.ch\/fr\/prendre-le-pouls-avec-medviu-sur-des-themes-specifiques\/#primaryimage"},"image":{"@id":"https:\/\/medviu.ch\/fr\/prendre-le-pouls-avec-medviu-sur-des-themes-specifiques\/#primaryimage"},"thumbnailUrl":"https:\/\/medviu.ch\/wp-content\/uploads\/2022\/12\/pexels-mart-production-7718802-scaled.jpg","datePublished":"2022-12-15T12:58:44+00:00","dateModified":"2023-01-10T14:25:41+00:00","description":"Gr\u00e2ce \u00e0 nos dossiers th\u00e9matiques, vous restez toujours au courant des sujets que vous pr\u00e9f\u00e9rez.","breadcrumb":{"@id":"https:\/\/medviu.ch\/fr\/prendre-le-pouls-avec-medviu-sur-des-themes-specifiques\/#breadcrumb"},"inLanguage":"fr-FR","potentialAction":[{"@type":"ReadAction","target":["https:\/\/medviu.ch\/fr\/prendre-le-pouls-avec-medviu-sur-des-themes-specifiques\/"]}]},{"@type":"ImageObject","inLanguage":"fr-FR","@id":"https:\/\/medviu.ch\/fr\/prendre-le-pouls-avec-medviu-sur-des-themes-specifiques\/#primaryimage","url":"https:\/\/medviu.ch\/wp-content\/uploads\/2022\/12\/pexels-mart-production-7718802-scaled.jpg","contentUrl":"https:\/\/medviu.ch\/wp-content\/uploads\/2022\/12\/pexels-mart-production-7718802-scaled.jpg","width":2560,"height":1707,"caption":"Themendossiers"},{"@type":"BreadcrumbList","@id":"https:\/\/medviu.ch\/fr\/prendre-le-pouls-avec-medviu-sur-des-themes-specifiques\/#breadcrumb","itemListElement":[{"@type":"ListItem","position":1,"name":"Startseite","item":"https:\/\/medviu.ch\/fr\/"},{"@type":"ListItem","position":2,"name":"Prendre le pouls avec medviu sur des th\u00e8mes sp\u00e9cifiques"}]},{"@type":"WebSite","@id":"https:\/\/medviu.ch\/fr\/#website","url":"https:\/\/medviu.ch\/fr\/","name":"Medviu","description":"Medienspiegel Gesundheitswesen Schweiz","publisher":{"@id":"https:\/\/medviu.ch\/fr\/#organization"},"potentialAction":[{"@type":"SearchAction","target":{"@type":"EntryPoint","urlTemplate":"https:\/\/medviu.ch\/fr\/?s={search_term_string}"},"query-input":{"@type":"PropertyValueSpecification","valueRequired":true,"valueName":"search_term_string"}}],"inLanguage":"fr-FR"},{"@type":"Organization","@id":"https:\/\/medviu.ch\/fr\/#organization","name":"Medviu","url":"https:\/\/medviu.ch\/fr\/","logo":{"@type":"ImageObject","inLanguage":"fr-FR","@id":"https:\/\/medviu.ch\/fr\/#\/schema\/logo\/image\/","url":"https:\/\/medviu.ch\/wp-content\/uploads\/2022\/09\/logo_medviu-colored.png","contentUrl":"https:\/\/medviu.ch\/wp-content\/uploads\/2022\/09\/logo_medviu-colored.png","width":180,"height":50,"caption":"Medviu"},"image":{"@id":"https:\/\/medviu.ch\/fr\/#\/schema\/logo\/image\/"}},{"@type":"Person","@id":"https:\/\/medviu.ch\/fr\/#\/schema\/person\/e3ffce05daf289ceaa28958b640cb03d","name":"Tobias Walt","image":{"@type":"ImageObject","inLanguage":"fr-FR","@id":"https:\/\/secure.gravatar.com\/avatar\/4f6314a50eff6bab933dec77295501ef77f5ffbfa56c8d7196c3f038c3f03837?s=96&d=mm&r=g","url":"https:\/\/secure.gravatar.com\/avatar\/4f6314a50eff6bab933dec77295501ef77f5ffbfa56c8d7196c3f038c3f03837?s=96&d=mm&r=g","contentUrl":"https:\/\/secure.gravatar.com\/avatar\/4f6314a50eff6bab933dec77295501ef77f5ffbfa56c8d7196c3f038c3f03837?s=96&d=mm&r=g","caption":"Tobias Walt"},"url":"https:\/\/medviu.ch\/fr\/author\/twalt\/"}]}},"_links":{"self":[{"href":"https:\/\/medviu.ch\/fr\/wp-json\/wp\/v2\/posts\/1527","targetHints":{"allow":["GET"]}}],"collection":[{"href":"https:\/\/medviu.ch\/fr\/wp-json\/wp\/v2\/posts"}],"about":[{"href":"https:\/\/medviu.ch\/fr\/wp-json\/wp\/v2\/types\/post"}],"author":[{"embeddable":true,"href":"https:\/\/medviu.ch\/fr\/wp-json\/wp\/v2\/users\/3"}],"replies":[{"embeddable":true,"href":"https:\/\/medviu.ch\/fr\/wp-json\/wp\/v2\/comments?post=1527"}],"version-history":[{"count":1,"href":"https:\/\/medviu.ch\/fr\/wp-json\/wp\/v2\/posts\/1527\/revisions"}],"predecessor-version":[{"id":1528,"href":"https:\/\/medviu.ch\/fr\/wp-json\/wp\/v2\/posts\/1527\/revisions\/1528"}],"wp:featuredmedia":[{"embeddable":true,"href":"https:\/\/medviu.ch\/fr\/wp-json\/wp\/v2\/media\/1510"}],"wp:attachment":[{"href":"https:\/\/medviu.ch\/fr\/wp-json\/wp\/v2\/media?parent=1527"}],"wp:term":[{"taxonomy":"category","embeddable":true,"href":"https:\/\/medviu.ch\/fr\/wp-json\/wp\/v2\/categories?post=1527"},{"taxonomy":"post_tag","embeddable":true,"href":"https:\/\/medviu.ch\/fr\/wp-json\/wp\/v2\/tags?post=1527"}],"curies":[{"name":"wp","href":"https:\/\/api.w.org\/{rel}","templated":true}]}}