{"id":1989,"date":"2023-06-12T10:00:00","date_gmt":"2023-06-12T08:00:00","guid":{"rendered":"https:\/\/medviu.ch\/?p=1989"},"modified":"2023-06-13T11:24:34","modified_gmt":"2023-06-13T09:24:34","slug":"la-sante-mentale-en-mode-crise","status":"publish","type":"post","link":"https:\/\/medviu.ch\/fr\/la-sante-mentale-en-mode-crise\/","title":{"rendered":"La sant\u00e9 mentale en mode crise"},"content":{"rendered":"\n<p><strong>Contribution d&rsquo;Annamaria M\u00fcller*<\/strong><\/p>\n\n\n\n<p>La sant\u00e9 mentale en crise de notre soci\u00e9t\u00e9 est un sujet tr\u00e8s colport\u00e9 &#8211; y compris dans cette revue de presse. Mais qu&rsquo;est-ce qui se cache derri\u00e8re ce terme et qu&rsquo;est-ce que cela signifie ? Les souffrances psychiques entra\u00eenent une augmentation des demandes d&rsquo;aide et donc des traitements. La demande engendre l&rsquo;offre, les offres engendrent la demande, les deux entra\u00eenent l&rsquo;acceptation sociale et l\u00e8vent le tabou sur le recours aux soins. Jusqu&rsquo;ici, tout est clair. Mais sommes-nous plus malades psychiquement ? Ou les rapports sur l&rsquo;\u00e9tat de notre psychisme sont-ils simplement l&rsquo;objet d&rsquo;une curiosit\u00e9 collective (on aime bien jeter un coup d&rsquo;\u0153il dans la bo\u00eete cr\u00e2nienne du voisin ou dans le ventricule de sa coll\u00e8gue sans devoir \u00e9changer avec eux et s&rsquo;exposer \u00e0 d&rsquo;\u00e9ventuelles discussions difficiles) ? L&rsquo;\u00e9tat maladif de notre psych\u00e9 fait-il l&rsquo;objet d&rsquo;un battage m\u00e9diatique parce qu&rsquo;il ouvre un march\u00e9 pour des produits et des services de toutes sortes ? Ou bien nous trouvons-nous dans une sorte de \u00ab\u00a0pi\u00e8ge de l&rsquo;apocalypse\u00a0\u00bb avec une pand\u00e9mie, une inflation, une crise climatique, une menace sur la situation mondiale et une surench\u00e8re num\u00e9rique dans laquelle nous nous pr\u00e9cipitons de plus en plus ?<\/p>\n\n\n\n<p>Je r\u00e9fl\u00e9chis. Je pense \u00e0 mon voisin et \u00e0 son enfant transgenre. A ma coll\u00e8gue et \u00e0 sa situation professionnelle explosive. A ma parente \u00e2g\u00e9e et \u00e0 sa th\u00e9rapie \u00e9puisante. J&rsquo;ouvre mon ordinateur portable et demande \u00e0 Bing : \u00ab\u00a0Is there a mental health crisis ?\u00a0\u00bb Bing r\u00e9fl\u00e9chit. Apr\u00e8s quelques secondes, il retape : \u00ab\u00a0Yes, there is a mental health crisis. Selon l&rsquo;Organisation mondiale de la sant\u00e9 (OMS), pr\u00e8s d&rsquo;un milliard de personnes &#8211; dont 14% des adolescents du monde &#8211; vivaient avec un trouble de la sant\u00e9 mentale en 2019. La pand\u00e9mie COVID-19 a provoqu\u00e9 une augmentation des probl\u00e8mes de sant\u00e9 mentale, en particulier chez les jeunes\u00a0\u00bb.<\/p>\n\n\n\n<p>Traduit librement, Bing m&rsquo;explique que la pand\u00e9mie a plong\u00e9 les jeunes dans une crise de sant\u00e9 mentale, et ce dans le monde entier. Et ici ? En Suisse ? Bing : \u00ab\u00a0Oui, selon un sondage, pr\u00e8s de la moiti\u00e9 de la population suisse est psychiquement touch\u00e9e. Une grande partie de la population suisse a jusqu&rsquo;\u00e0 pr\u00e9sent bien travers\u00e9 la crise. Malgr\u00e9 le bilan provisoirement positif pour de larges pans de la population, la pand\u00e9mie de Corona s&rsquo;accompagne d&rsquo;un stress psychique important chez certaines personnes. En 2017, 6% de la population \u00e9tait en traitement pour des probl\u00e8mes psychiques. J&rsquo;esp\u00e8re que cela vous aidera\u00a0\u00bb. Ensuite, Bing me donne encore des conseils sur ce que je dois faire si je me trouve dans une situation de crise psychique et me renvoie \u00e0 diverses offres en ligne. Sympa ! Mais nous n&rsquo;en sommes pas encore l\u00e0. Je me r\u00e9f\u00e8re \u00e0 une source traditionnelle, l&rsquo;enqu\u00eate de l&rsquo;Observatoire suisse de la sant\u00e9 sur la sant\u00e9 psychique de l&rsquo;automne 2022.<\/p>\n\n\n\n<p>Selon cette \u00e9tude, une personne sur huit interrog\u00e9e s&rsquo;est sentie si mal psychologiquement au cours de l&rsquo;ann\u00e9e \u00e9coul\u00e9e qu&rsquo;elle a \u00e9t\u00e9 limit\u00e9e dans sa vie quotidienne ou a eu des pens\u00e9es suicidaires. Les jeunes semblent en effet souffrir davantage que les personnes \u00e2g\u00e9es, mais les personnes vivant dans des institutions pour personnes \u00e2g\u00e9es et des \u00e9tablissements de soins n&rsquo;ont pas \u00e9t\u00e9 interrog\u00e9es. Une omission grossi\u00e8re ? Chez les jeunes, ce sont surtout les femmes qui sont confront\u00e9es \u00e0 des sympt\u00f4mes tels que la d\u00e9pression, les troubles anxieux, l&rsquo;automutilation ou les pens\u00e9es suicidaires, les hommes s&rsquo;en sortent un peu mieux. Du moins selon leurs d\u00e9clarations. Les ch\u00f4meurs, ceux qui sont \u00e9loign\u00e9s de la formation et les immigr\u00e9s en provenance de r\u00e9gions en crise souffrent \u00e9galement davantage. Qui s&rsquo;en \u00e9tonne ? Environ 10% de la population a suivi un traitement, l&rsquo;enqu\u00eate portant \u00e9galement sur des stress moins importants comme le stress. L\u00e0 encore, le rapport conclut que \u00ab\u00a0le renforcement de la sant\u00e9 mentale de la population en Suisse et la mise \u00e0 disposition d&rsquo;offres d&rsquo;aide et de soins accessibles par des professionnels restent d&rsquo;une grande pertinence\u00a0\u00bb et que, par cons\u00e9quent, \u00ab\u00a0les connaissances en mati\u00e8re de sant\u00e9 mentale au niveau de la population sont d&rsquo;une grande importance\u00a0\u00bb.<\/p>\n\n\n\n<p>Je suis toujours perplexe. Est-ce que notre \u00e9tat g\u00e9n\u00e9ral se d\u00e9grade ? Les troubles psychiques sont-ils la maladie de civilisation d&rsquo;aujourd&rsquo;hui ? Il est compr\u00e9hensible que les ch\u00f4meurs, les migrants traumatis\u00e9s et les malades chroniques se sentent mal psychologiquement, et plus il y a de ces personnes dans la soci\u00e9t\u00e9, plus la proportion de personnes souffrantes augmente. Selon Adam Riese. Mais les jeunes ? Ils sont syst\u00e9matiquement harcel\u00e9s par les m\u00e9dias sociaux, selon certains sp\u00e9cialistes. Les filles sont pouss\u00e9es \u00e0 la d\u00e9pression et \u00e0 l&rsquo;autodestruction, les gar\u00e7ons \u00e0 des crises d&rsquo;agressivit\u00e9 et \u00e0 des fantasmes de violence. Les gar\u00e7ons (hommes) marchent (\u00e0 nouveau) de plus en plus vers la droite. Cela aussi peut \u00eatre d\u00e9montr\u00e9 par les sciences sociales. Des sentiments de malaise apparaissent. Qu&rsquo;en \u00e9tait-il il y a cent ans ?<\/p>\n\n\n\n<p>Au-del\u00e0 de la situation mondiale, le bien-\u00eatre de nos jeunes doit \u00eatre situ\u00e9 dans un \u00e9go\u00efsme bien plus proche : Qui nous soignera et nous traitera \u00e0 l&rsquo;avenir, nous, les boomers et les Gen X \u00e2g\u00e9s ? Nous qui sommes nombreux et qui avons tendance \u00e0 vivre longtemps et \u00e0 mourir \u00e0 grands frais ? Bien s\u00fbr, nous souhaitons que des professionnels de la sant\u00e9 pr\u00eats \u00e0 nous aider, de pr\u00e9f\u00e9rence toute la g\u00e9n\u00e9ration Z et Alpha, se consacrent avec d\u00e9vouement \u00e0 nos besoins curatifs et palliatifs. Mais c&rsquo;est loin d&rsquo;\u00eatre le cas ! D&rsquo;une part, elle souffre elle-m\u00eame, d&rsquo;autre part, elle n&rsquo;a pas tr\u00e8s envie de se mettre au service du syst\u00e8me de sant\u00e9 24 heures sur 24. Elle pr\u00e9f\u00e8re programmer des applications. Pr\u00e8s de la moiti\u00e9 des \u00ab\u00a0DiGa&rsquo;s\u00a0\u00bb, des applications num\u00e9riques autoris\u00e9es par le minist\u00e8re f\u00e9d\u00e9ral allemand de la sant\u00e9, concernent l&rsquo;am\u00e9lioration de la sant\u00e9 psychique. Les applis sont, avec les pilules, nos nouvelles petites aides. Elles sont disponibles m\u00eame lorsque tout le monde dort ou fait la f\u00eate. Les appels d&rsquo;anciens m\u00e9decins-chefs qui appellent au retour \u00e0 une disponibilit\u00e9 diaconale au travail, faute de quoi le monde de la sant\u00e9 dispara\u00eetrait, semblent tout simplement d\u00e9connect\u00e9s de la r\u00e9alit\u00e9. Car troisi\u00e8mement &#8211; et c&rsquo;est le plus important pour moi en tant qu&rsquo;\u00e9conomiste &#8211; les jeunes ne doivent pas affluer en masse dans le syst\u00e8me de sant\u00e9. Ils devraient plut\u00f4t, s&rsquo;il vous pla\u00eet, travailler dans des domaines qui contribuent \u00e0 la cr\u00e9ation de valeur \u00e9conomique. S&rsquo;occuper des personnes \u00e2g\u00e9es et des malades est honorable, mais ce n&rsquo;est pas le cas. Malheureusement. La production et la distribution de produits pharmaceutiques, dont l&rsquo;\u00e9conomie suisse est si fi\u00e8re, peuvent certes remplir les poches de quelques-uns, mais notre bien-\u00eatre psychique et physique d\u00e9pend de l&rsquo;\u00e9conomie dans son ensemble. Et celle-ci d\u00e9pend \u00e0 son tour des jeunes. C&rsquo;est pourquoi, s&rsquo;il vous pla\u00eet, il est important qu&rsquo;ils se portent bien. Et nous, les vieux, en sommes responsables. Nous vous remercions.<\/p>\n\n\n\n<p class=\"has-cyan-bluish-gray-background-color has-background\">*Annamaria M\u00fcller est pr\u00e9sidente du Forum suisse pour les soins int\u00e9gr\u00e9s (fmc) et pr\u00e9sidente du conseil d&rsquo;administration de l&rsquo;H\u00f4pital fribourgeois (HFR). Elle travaille \u00e9galement en tant qu&rsquo;ind\u00e9pendante avec sa soci\u00e9t\u00e9 Amidea GmbH &#8211; New Health Care Solutions.<\/p>\n\n\n\n<p class=\"has-cyan-bluish-gray-background-color has-background\">Souhaitez-vous \u00e9galement publier ici des articles sur le syst\u00e8me de sant\u00e9 suisse ? Ecrivez-nous \u00e0 contact@medviu.ch.<\/p>\n","protected":false},"excerpt":{"rendered":"<p>Contribution d&rsquo;Annamaria M\u00fcller* La sant\u00e9 mentale en crise de notre soci\u00e9t\u00e9 est un sujet tr\u00e8s colport\u00e9 &#8211; y compris dans cette revue de presse. Mais qu&rsquo;est-ce qui se cache derri\u00e8re ce terme et qu&rsquo;est-ce que cela signifie ? Les souffrances psychiques entra\u00eenent une augmentation des demandes d&rsquo;aide et donc des traitements. La demande engendre l&rsquo;offre, [&hellip;]<\/p>\n","protected":false},"author":3,"featured_media":1988,"comment_status":"closed","ping_status":"closed","sticky":false,"template":"","format":"standard","meta":{"_acf_changed":false,"content-type":"","footnotes":""},"categories":[9],"tags":[],"class_list":["post-1989","post","type-post","status-publish","format-standard","has-post-thumbnail","hentry","category-observation-des-medias"],"acf":[],"yoast_head":"<!-- This site is optimized with the Yoast SEO plugin v27.5 - https:\/\/yoast.com\/product\/yoast-seo-wordpress\/ -->\n<title>La sant\u00e9 mentale en mode crise - Medviu<\/title>\n<meta name=\"robots\" content=\"index, follow, max-snippet:-1, max-image-preview:large, max-video-preview:-1\" \/>\n<link rel=\"canonical\" href=\"https:\/\/medviu.ch\/fr\/la-sante-mentale-en-mode-crise\/\" \/>\n<meta property=\"og:locale\" content=\"fr_FR\" \/>\n<meta property=\"og:type\" content=\"article\" \/>\n<meta property=\"og:title\" content=\"La sant\u00e9 mentale en mode crise - Medviu\" \/>\n<meta property=\"og:description\" content=\"Contribution d&rsquo;Annamaria M\u00fcller* La sant\u00e9 mentale en crise de notre soci\u00e9t\u00e9 est un sujet tr\u00e8s colport\u00e9 &#8211; y compris dans cette revue de presse. Mais qu&rsquo;est-ce qui se cache derri\u00e8re ce terme et qu&rsquo;est-ce que cela signifie ? Les souffrances psychiques entra\u00eenent une augmentation des demandes d&rsquo;aide et donc des traitements. La demande engendre l&rsquo;offre, [&hellip;]\" \/>\n<meta property=\"og:url\" content=\"https:\/\/medviu.ch\/fr\/la-sante-mentale-en-mode-crise\/\" \/>\n<meta property=\"og:site_name\" content=\"Medviu\" \/>\n<meta property=\"article:published_time\" content=\"2023-06-12T08:00:00+00:00\" \/>\n<meta property=\"article:modified_time\" content=\"2023-06-13T09:24:34+00:00\" \/>\n<meta property=\"og:image\" content=\"https:\/\/medviu.ch\/wp-content\/uploads\/2023\/06\/Ami_102019-8-002-2.jpeg\" \/>\n\t<meta property=\"og:image:width\" content=\"1193\" \/>\n\t<meta property=\"og:image:height\" content=\"1505\" \/>\n\t<meta property=\"og:image:type\" content=\"image\/jpeg\" \/>\n<meta name=\"author\" content=\"Tobias Walt\" \/>\n<meta name=\"twitter:card\" content=\"summary_large_image\" \/>\n<meta name=\"twitter:label1\" content=\"\u00c9crit par\" \/>\n\t<meta name=\"twitter:data1\" content=\"Tobias Walt\" \/>\n\t<meta name=\"twitter:label2\" content=\"Dur\u00e9e de lecture estim\u00e9e\" \/>\n\t<meta name=\"twitter:data2\" content=\"6 minutes\" \/>\n<script type=\"application\/ld+json\" class=\"yoast-schema-graph\">{\"@context\":\"https:\\\/\\\/schema.org\",\"@graph\":[{\"@type\":\"Article\",\"@id\":\"https:\\\/\\\/medviu.ch\\\/fr\\\/la-sante-mentale-en-mode-crise\\\/#article\",\"isPartOf\":{\"@id\":\"https:\\\/\\\/medviu.ch\\\/fr\\\/la-sante-mentale-en-mode-crise\\\/\"},\"author\":{\"name\":\"Tobias Walt\",\"@id\":\"https:\\\/\\\/medviu.ch\\\/fr\\\/#\\\/schema\\\/person\\\/e3ffce05daf289ceaa28958b640cb03d\"},\"headline\":\"La sant\u00e9 mentale en mode crise\",\"datePublished\":\"2023-06-12T08:00:00+00:00\",\"dateModified\":\"2023-06-13T09:24:34+00:00\",\"mainEntityOfPage\":{\"@id\":\"https:\\\/\\\/medviu.ch\\\/fr\\\/la-sante-mentale-en-mode-crise\\\/\"},\"wordCount\":1262,\"publisher\":{\"@id\":\"https:\\\/\\\/medviu.ch\\\/fr\\\/#organization\"},\"image\":{\"@id\":\"https:\\\/\\\/medviu.ch\\\/fr\\\/la-sante-mentale-en-mode-crise\\\/#primaryimage\"},\"thumbnailUrl\":\"https:\\\/\\\/medviu.ch\\\/wp-content\\\/uploads\\\/2023\\\/06\\\/Ami_102019-8-002-2.jpeg\",\"articleSection\":[\"Observation des m\u00e9dias\"],\"inLanguage\":\"fr-FR\"},{\"@type\":\"WebPage\",\"@id\":\"https:\\\/\\\/medviu.ch\\\/fr\\\/la-sante-mentale-en-mode-crise\\\/\",\"url\":\"https:\\\/\\\/medviu.ch\\\/fr\\\/la-sante-mentale-en-mode-crise\\\/\",\"name\":\"La sant\u00e9 mentale en mode crise - Medviu\",\"isPartOf\":{\"@id\":\"https:\\\/\\\/medviu.ch\\\/fr\\\/#website\"},\"primaryImageOfPage\":{\"@id\":\"https:\\\/\\\/medviu.ch\\\/fr\\\/la-sante-mentale-en-mode-crise\\\/#primaryimage\"},\"image\":{\"@id\":\"https:\\\/\\\/medviu.ch\\\/fr\\\/la-sante-mentale-en-mode-crise\\\/#primaryimage\"},\"thumbnailUrl\":\"https:\\\/\\\/medviu.ch\\\/wp-content\\\/uploads\\\/2023\\\/06\\\/Ami_102019-8-002-2.jpeg\",\"datePublished\":\"2023-06-12T08:00:00+00:00\",\"dateModified\":\"2023-06-13T09:24:34+00:00\",\"breadcrumb\":{\"@id\":\"https:\\\/\\\/medviu.ch\\\/fr\\\/la-sante-mentale-en-mode-crise\\\/#breadcrumb\"},\"inLanguage\":\"fr-FR\",\"potentialAction\":[{\"@type\":\"ReadAction\",\"target\":[\"https:\\\/\\\/medviu.ch\\\/fr\\\/la-sante-mentale-en-mode-crise\\\/\"]}]},{\"@type\":\"ImageObject\",\"inLanguage\":\"fr-FR\",\"@id\":\"https:\\\/\\\/medviu.ch\\\/fr\\\/la-sante-mentale-en-mode-crise\\\/#primaryimage\",\"url\":\"https:\\\/\\\/medviu.ch\\\/wp-content\\\/uploads\\\/2023\\\/06\\\/Ami_102019-8-002-2.jpeg\",\"contentUrl\":\"https:\\\/\\\/medviu.ch\\\/wp-content\\\/uploads\\\/2023\\\/06\\\/Ami_102019-8-002-2.jpeg\",\"width\":1193,\"height\":1505},{\"@type\":\"BreadcrumbList\",\"@id\":\"https:\\\/\\\/medviu.ch\\\/fr\\\/la-sante-mentale-en-mode-crise\\\/#breadcrumb\",\"itemListElement\":[{\"@type\":\"ListItem\",\"position\":1,\"name\":\"Startseite\",\"item\":\"https:\\\/\\\/medviu.ch\\\/fr\\\/\"},{\"@type\":\"ListItem\",\"position\":2,\"name\":\"La sant\u00e9 mentale en mode crise\"}]},{\"@type\":\"WebSite\",\"@id\":\"https:\\\/\\\/medviu.ch\\\/fr\\\/#website\",\"url\":\"https:\\\/\\\/medviu.ch\\\/fr\\\/\",\"name\":\"Medviu\",\"description\":\"Medienspiegel Gesundheitswesen Schweiz\",\"publisher\":{\"@id\":\"https:\\\/\\\/medviu.ch\\\/fr\\\/#organization\"},\"potentialAction\":[{\"@type\":\"SearchAction\",\"target\":{\"@type\":\"EntryPoint\",\"urlTemplate\":\"https:\\\/\\\/medviu.ch\\\/fr\\\/?s={search_term_string}\"},\"query-input\":{\"@type\":\"PropertyValueSpecification\",\"valueRequired\":true,\"valueName\":\"search_term_string\"}}],\"inLanguage\":\"fr-FR\"},{\"@type\":\"Organization\",\"@id\":\"https:\\\/\\\/medviu.ch\\\/fr\\\/#organization\",\"name\":\"Medviu\",\"url\":\"https:\\\/\\\/medviu.ch\\\/fr\\\/\",\"logo\":{\"@type\":\"ImageObject\",\"inLanguage\":\"fr-FR\",\"@id\":\"https:\\\/\\\/medviu.ch\\\/fr\\\/#\\\/schema\\\/logo\\\/image\\\/\",\"url\":\"https:\\\/\\\/medviu.ch\\\/wp-content\\\/uploads\\\/2022\\\/09\\\/logo_medviu-colored.png\",\"contentUrl\":\"https:\\\/\\\/medviu.ch\\\/wp-content\\\/uploads\\\/2022\\\/09\\\/logo_medviu-colored.png\",\"width\":180,\"height\":50,\"caption\":\"Medviu\"},\"image\":{\"@id\":\"https:\\\/\\\/medviu.ch\\\/fr\\\/#\\\/schema\\\/logo\\\/image\\\/\"}},{\"@type\":\"Person\",\"@id\":\"https:\\\/\\\/medviu.ch\\\/fr\\\/#\\\/schema\\\/person\\\/e3ffce05daf289ceaa28958b640cb03d\",\"name\":\"Tobias Walt\",\"image\":{\"@type\":\"ImageObject\",\"inLanguage\":\"fr-FR\",\"@id\":\"https:\\\/\\\/secure.gravatar.com\\\/avatar\\\/4f6314a50eff6bab933dec77295501ef77f5ffbfa56c8d7196c3f038c3f03837?s=96&d=mm&r=g\",\"url\":\"https:\\\/\\\/secure.gravatar.com\\\/avatar\\\/4f6314a50eff6bab933dec77295501ef77f5ffbfa56c8d7196c3f038c3f03837?s=96&d=mm&r=g\",\"contentUrl\":\"https:\\\/\\\/secure.gravatar.com\\\/avatar\\\/4f6314a50eff6bab933dec77295501ef77f5ffbfa56c8d7196c3f038c3f03837?s=96&d=mm&r=g\",\"caption\":\"Tobias Walt\"},\"url\":\"https:\\\/\\\/medviu.ch\\\/fr\\\/author\\\/twalt\\\/\"}]}<\/script>\n<!-- \/ Yoast SEO plugin. -->","yoast_head_json":{"title":"La sant\u00e9 mentale en mode crise - Medviu","robots":{"index":"index","follow":"follow","max-snippet":"max-snippet:-1","max-image-preview":"max-image-preview:large","max-video-preview":"max-video-preview:-1"},"canonical":"https:\/\/medviu.ch\/fr\/la-sante-mentale-en-mode-crise\/","og_locale":"fr_FR","og_type":"article","og_title":"La sant\u00e9 mentale en mode crise - Medviu","og_description":"Contribution d&rsquo;Annamaria M\u00fcller* La sant\u00e9 mentale en crise de notre soci\u00e9t\u00e9 est un sujet tr\u00e8s colport\u00e9 &#8211; y compris dans cette revue de presse. Mais qu&rsquo;est-ce qui se cache derri\u00e8re ce terme et qu&rsquo;est-ce que cela signifie ? Les souffrances psychiques entra\u00eenent une augmentation des demandes d&rsquo;aide et donc des traitements. La demande engendre l&rsquo;offre, [&hellip;]","og_url":"https:\/\/medviu.ch\/fr\/la-sante-mentale-en-mode-crise\/","og_site_name":"Medviu","article_published_time":"2023-06-12T08:00:00+00:00","article_modified_time":"2023-06-13T09:24:34+00:00","og_image":[{"width":1193,"height":1505,"url":"https:\/\/medviu.ch\/wp-content\/uploads\/2023\/06\/Ami_102019-8-002-2.jpeg","type":"image\/jpeg"}],"author":"Tobias Walt","twitter_card":"summary_large_image","twitter_misc":{"\u00c9crit par":"Tobias Walt","Dur\u00e9e de lecture estim\u00e9e":"6 minutes"},"schema":{"@context":"https:\/\/schema.org","@graph":[{"@type":"Article","@id":"https:\/\/medviu.ch\/fr\/la-sante-mentale-en-mode-crise\/#article","isPartOf":{"@id":"https:\/\/medviu.ch\/fr\/la-sante-mentale-en-mode-crise\/"},"author":{"name":"Tobias Walt","@id":"https:\/\/medviu.ch\/fr\/#\/schema\/person\/e3ffce05daf289ceaa28958b640cb03d"},"headline":"La sant\u00e9 mentale en mode crise","datePublished":"2023-06-12T08:00:00+00:00","dateModified":"2023-06-13T09:24:34+00:00","mainEntityOfPage":{"@id":"https:\/\/medviu.ch\/fr\/la-sante-mentale-en-mode-crise\/"},"wordCount":1262,"publisher":{"@id":"https:\/\/medviu.ch\/fr\/#organization"},"image":{"@id":"https:\/\/medviu.ch\/fr\/la-sante-mentale-en-mode-crise\/#primaryimage"},"thumbnailUrl":"https:\/\/medviu.ch\/wp-content\/uploads\/2023\/06\/Ami_102019-8-002-2.jpeg","articleSection":["Observation des m\u00e9dias"],"inLanguage":"fr-FR"},{"@type":"WebPage","@id":"https:\/\/medviu.ch\/fr\/la-sante-mentale-en-mode-crise\/","url":"https:\/\/medviu.ch\/fr\/la-sante-mentale-en-mode-crise\/","name":"La sant\u00e9 mentale en mode crise - Medviu","isPartOf":{"@id":"https:\/\/medviu.ch\/fr\/#website"},"primaryImageOfPage":{"@id":"https:\/\/medviu.ch\/fr\/la-sante-mentale-en-mode-crise\/#primaryimage"},"image":{"@id":"https:\/\/medviu.ch\/fr\/la-sante-mentale-en-mode-crise\/#primaryimage"},"thumbnailUrl":"https:\/\/medviu.ch\/wp-content\/uploads\/2023\/06\/Ami_102019-8-002-2.jpeg","datePublished":"2023-06-12T08:00:00+00:00","dateModified":"2023-06-13T09:24:34+00:00","breadcrumb":{"@id":"https:\/\/medviu.ch\/fr\/la-sante-mentale-en-mode-crise\/#breadcrumb"},"inLanguage":"fr-FR","potentialAction":[{"@type":"ReadAction","target":["https:\/\/medviu.ch\/fr\/la-sante-mentale-en-mode-crise\/"]}]},{"@type":"ImageObject","inLanguage":"fr-FR","@id":"https:\/\/medviu.ch\/fr\/la-sante-mentale-en-mode-crise\/#primaryimage","url":"https:\/\/medviu.ch\/wp-content\/uploads\/2023\/06\/Ami_102019-8-002-2.jpeg","contentUrl":"https:\/\/medviu.ch\/wp-content\/uploads\/2023\/06\/Ami_102019-8-002-2.jpeg","width":1193,"height":1505},{"@type":"BreadcrumbList","@id":"https:\/\/medviu.ch\/fr\/la-sante-mentale-en-mode-crise\/#breadcrumb","itemListElement":[{"@type":"ListItem","position":1,"name":"Startseite","item":"https:\/\/medviu.ch\/fr\/"},{"@type":"ListItem","position":2,"name":"La sant\u00e9 mentale en mode crise"}]},{"@type":"WebSite","@id":"https:\/\/medviu.ch\/fr\/#website","url":"https:\/\/medviu.ch\/fr\/","name":"Medviu","description":"Medienspiegel Gesundheitswesen Schweiz","publisher":{"@id":"https:\/\/medviu.ch\/fr\/#organization"},"potentialAction":[{"@type":"SearchAction","target":{"@type":"EntryPoint","urlTemplate":"https:\/\/medviu.ch\/fr\/?s={search_term_string}"},"query-input":{"@type":"PropertyValueSpecification","valueRequired":true,"valueName":"search_term_string"}}],"inLanguage":"fr-FR"},{"@type":"Organization","@id":"https:\/\/medviu.ch\/fr\/#organization","name":"Medviu","url":"https:\/\/medviu.ch\/fr\/","logo":{"@type":"ImageObject","inLanguage":"fr-FR","@id":"https:\/\/medviu.ch\/fr\/#\/schema\/logo\/image\/","url":"https:\/\/medviu.ch\/wp-content\/uploads\/2022\/09\/logo_medviu-colored.png","contentUrl":"https:\/\/medviu.ch\/wp-content\/uploads\/2022\/09\/logo_medviu-colored.png","width":180,"height":50,"caption":"Medviu"},"image":{"@id":"https:\/\/medviu.ch\/fr\/#\/schema\/logo\/image\/"}},{"@type":"Person","@id":"https:\/\/medviu.ch\/fr\/#\/schema\/person\/e3ffce05daf289ceaa28958b640cb03d","name":"Tobias Walt","image":{"@type":"ImageObject","inLanguage":"fr-FR","@id":"https:\/\/secure.gravatar.com\/avatar\/4f6314a50eff6bab933dec77295501ef77f5ffbfa56c8d7196c3f038c3f03837?s=96&d=mm&r=g","url":"https:\/\/secure.gravatar.com\/avatar\/4f6314a50eff6bab933dec77295501ef77f5ffbfa56c8d7196c3f038c3f03837?s=96&d=mm&r=g","contentUrl":"https:\/\/secure.gravatar.com\/avatar\/4f6314a50eff6bab933dec77295501ef77f5ffbfa56c8d7196c3f038c3f03837?s=96&d=mm&r=g","caption":"Tobias Walt"},"url":"https:\/\/medviu.ch\/fr\/author\/twalt\/"}]}},"_links":{"self":[{"href":"https:\/\/medviu.ch\/fr\/wp-json\/wp\/v2\/posts\/1989","targetHints":{"allow":["GET"]}}],"collection":[{"href":"https:\/\/medviu.ch\/fr\/wp-json\/wp\/v2\/posts"}],"about":[{"href":"https:\/\/medviu.ch\/fr\/wp-json\/wp\/v2\/types\/post"}],"author":[{"embeddable":true,"href":"https:\/\/medviu.ch\/fr\/wp-json\/wp\/v2\/users\/3"}],"replies":[{"embeddable":true,"href":"https:\/\/medviu.ch\/fr\/wp-json\/wp\/v2\/comments?post=1989"}],"version-history":[{"count":2,"href":"https:\/\/medviu.ch\/fr\/wp-json\/wp\/v2\/posts\/1989\/revisions"}],"predecessor-version":[{"id":1994,"href":"https:\/\/medviu.ch\/fr\/wp-json\/wp\/v2\/posts\/1989\/revisions\/1994"}],"wp:featuredmedia":[{"embeddable":true,"href":"https:\/\/medviu.ch\/fr\/wp-json\/wp\/v2\/media\/1988"}],"wp:attachment":[{"href":"https:\/\/medviu.ch\/fr\/wp-json\/wp\/v2\/media?parent=1989"}],"wp:term":[{"taxonomy":"category","embeddable":true,"href":"https:\/\/medviu.ch\/fr\/wp-json\/wp\/v2\/categories?post=1989"},{"taxonomy":"post_tag","embeddable":true,"href":"https:\/\/medviu.ch\/fr\/wp-json\/wp\/v2\/tags?post=1989"}],"curies":[{"name":"wp","href":"https:\/\/api.w.org\/{rel}","templated":true}]}}