{"id":2269,"date":"2023-09-13T11:31:26","date_gmt":"2023-09-13T09:31:26","guid":{"rendered":"https:\/\/medviu.ch\/?p=2269"},"modified":"2023-09-13T11:31:27","modified_gmt":"2023-09-13T09:31:27","slug":"salade-de-saucisses-garnie-contribution-dinvite-de-dr-hans-balmer","status":"publish","type":"post","link":"https:\/\/medviu.ch\/fr\/salade-de-saucisses-garnie-contribution-dinvite-de-dr-hans-balmer\/","title":{"rendered":"Salade de saucisses garnie &#8211; Contribution d&rsquo;invit\u00e9 de Dr. Hans Balmer"},"content":{"rendered":"\n<p>C&rsquo;est la campagne \u00e9lectorale et les politiciens de tous bords se disputent les faveurs des \u00e9lecteurs. Il n&rsquo;est donc pas \u00e9tonnant que des id\u00e9es naissent au fil de l&rsquo;eau. Le secteur de la sant\u00e9 s&rsquo;y pr\u00eate \u00e0 merveille. Et cette ann\u00e9e, les penseurs se bousculent au portillon.<\/p>\n\n\n\n<p>La directrice de la sant\u00e9 zurichoise, Natalie Rickli, a r\u00e9cemment fait les gros titres avec sa proposition de remettre en question l&rsquo;obligation de l&rsquo;assurance de base. Plus r\u00e9cemment, son coll\u00e8gue bernois Pierre Alain Schnegg et le pr\u00e9sident du conseil d&rsquo;administration de l&rsquo;H\u00f4pital de l&rsquo;\u00cele, le professeur Bernhard Pulver, se sont \u00e9galement prononc\u00e9s en faveur d&rsquo;une modulation des primes d&rsquo;assurance de base en fonction du revenu. Ces deux propositions sont incroyables et extr\u00eamement surprenantes, car elles remettent en cause un principe de solidarit\u00e9, de clart\u00e9 et de simplicit\u00e9 qui a fait ses preuves depuis des d\u00e9cennies.<\/p>\n\n\n\n<p>Ces fleurs de style de la \u00ab\u00a0cervelle\u00a0\u00bb gouvernementale m\u00e9ritent d&rsquo;\u00eatre examin\u00e9es de plus pr\u00e8s, car il s&rsquo;agit de bien plus que les deux propositions mentionn\u00e9es. Elles s&rsquo;inscrivent en effet malencontreusement dans toute une s\u00e9rie d&rsquo;interventions et de d\u00e9clarations d&rsquo;intention singuli\u00e8res. Bien s\u00fbr, notre syst\u00e8me de sant\u00e9 est devenu cher et bien s\u00fbr, les primes de l&rsquo;assurance de base p\u00e8sent d\u00e9j\u00e0 consid\u00e9rablement sur le porte-monnaie des personnes \u00e0 faibles revenus ou des familles nombreuses. Mais cela ne signifie pas pour autant qu&rsquo;il faille jeter aux orties ce qui a fait ses preuves dans la recherche de solutions. Il faut au contraire s&rsquo;efforcer de mettre sur la table de l&rsquo;Assembl\u00e9e des \u00e9l\u00e9ments effectivement durables.<\/p>\n\n\n\n<p>Et ce n&rsquo;est pas fini. Aujourd&rsquo;hui d\u00e9j\u00e0, les tarifs et les co\u00fbts des fournisseurs de prestations divergent \u00e0 vue d&rsquo;\u0153il, deux tiers des h\u00f4pitaux publics n&rsquo;atteignent plus les recettes n\u00e9cessaires pour financer solidement les nouveaux investissements et les remplacements. Les subventions, souvent \u00ab\u00a0d\u00e9guis\u00e9es\u00a0\u00bb en prestations d&rsquo;int\u00e9r\u00eat g\u00e9n\u00e9ral, et les injections financi\u00e8res, comme r\u00e9cemment dans le canton d&rsquo;Argovie, prolif\u00e8rent dans le paysage. Or, des tarifs m\u00e9diocres sont tout d&rsquo;abord un affront pour les nombreux professionnels de la sant\u00e9 qui travaillent avec un grand engagement. Deuxi\u00e8mement, la transparence en souffre \u00e9norm\u00e9ment, car il devient de plus en plus opaque et difficile de savoir de quelles sources d&rsquo;argent proviennent r\u00e9ellement les r\u00e9mun\u00e9rations et les subventions. Si, en plus, l&rsquo;injection de fonds dans le canton d&rsquo;Argovie est en contradiction flagrante avec un avoir juridique de l&rsquo;universit\u00e9 de Lucerne, c&rsquo;est-\u00e0-dire qu&rsquo;elle a \u00e9t\u00e9 d\u00e9cid\u00e9e en toute ill\u00e9galit\u00e9, cela devient plus qu&rsquo;\u00e9trange. Les cantons ne peuvent pas passer outre les normes l\u00e9gales, sinon leurs repr\u00e9sentants perdent toute cr\u00e9dibilit\u00e9. Ils agissent alors comme Adam, le juge de village de Kleist, qui doit r\u00e9pondre de la cruche cass\u00e9e, mais qui tente de dissimuler son propre m\u00e9fait.<\/p>\n\n\n\n<p>Mais si l&rsquo;on m\u00e9lange politique de la sant\u00e9 et politique des revenus, on cr\u00e9e une confusion malheureuse. Les prestations de qualit\u00e9 irr\u00e9prochable ont droit \u00e0 une r\u00e9mun\u00e9ration \u00e9quitable et uniforme. Un kilo de pain chez le boulanger du village ne co\u00fbte pas plus ou moins cher selon le porte-monnaie. C&rsquo;est une chose. L&rsquo;autre chose est une aide efficace et non bureaucratique pour les personnes socialement d\u00e9favoris\u00e9es. Ce n&rsquo;est rien de plus que de la d\u00e9cence. Les d\u00e9cideurs cantonaux feraient donc bien de revoir les prestations d&rsquo;int\u00e9r\u00eat g\u00e9n\u00e9ral, qui ne sont pas toujours tr\u00e8s pures, et de ne plus accorder d&rsquo;aides financi\u00e8res ill\u00e9gales. Une grande responsabilit\u00e9 p\u00e8se sur leurs \u00e9paules. R\u00e9fl\u00e9chir \u00e0 des solutions durables serait donc un bienfait pour les contribuables et les \u00e9lecteurs. Les conseill\u00e8res et conseillers d&rsquo;Etat, les membres des parlements cantonaux et les autres protagonistes auraient tout int\u00e9r\u00eat \u00e0 se profiler comme des personnalit\u00e9s clairvoyantes au lieu de s&rsquo;exposer au risque de se voir infliger un carton rouge pour des propositions douteuses ou des jongleries financi\u00e8res maladroites.<\/p>\n\n\n\n<figure class=\"wp-block-image size-large\"><img decoding=\"async\" width=\"1024\" height=\"715\" data-src=\"https:\/\/medviu.ch\/wp-content\/uploads\/2023\/06\/HB-1024x715.png\" alt=\"Hans Balmber\" class=\"wp-image-2003 lazyload\" data-srcset=\"https:\/\/medviu.ch\/wp-content\/uploads\/2023\/06\/HB-1024x715.png 1024w, https:\/\/medviu.ch\/wp-content\/uploads\/2023\/06\/HB-300x210.png 300w, https:\/\/medviu.ch\/wp-content\/uploads\/2023\/06\/HB-768x536.png 768w, https:\/\/medviu.ch\/wp-content\/uploads\/2023\/06\/HB-1400x978.png 1400w, https:\/\/medviu.ch\/wp-content\/uploads\/2023\/06\/HB-700x489.png 700w, https:\/\/medviu.ch\/wp-content\/uploads\/2023\/06\/HB-400x279.png 400w, https:\/\/medviu.ch\/wp-content\/uploads\/2023\/06\/HB-500x349.png 500w, https:\/\/medviu.ch\/wp-content\/uploads\/2023\/06\/HB.png 1413w\" data-sizes=\"(max-width: 1024px) 100vw, 1024px\" src=\"data:image\/svg+xml;base64,PHN2ZyB3aWR0aD0iMSIgaGVpZ2h0PSIxIiB4bWxucz0iaHR0cDovL3d3dy53My5vcmcvMjAwMC9zdmciPjwvc3ZnPg==\" style=\"--smush-placeholder-width: 1024px; --smush-placeholder-aspect-ratio: 1024\/715;\" \/><figcaption class=\"wp-element-caption\">Hans Balmer<\/figcaption><\/figure>\n\n\n\n<figure class=\"wp-block-gallery has-nested-images columns-default is-cropped wp-block-gallery-2 is-layout-flex wp-block-gallery-is-layout-flex\"><\/figure>\n","protected":false},"excerpt":{"rendered":"<p>C&rsquo;est la campagne \u00e9lectorale et les politiciens de tous bords se disputent les faveurs des \u00e9lecteurs. Il n&rsquo;est donc pas \u00e9tonnant que des id\u00e9es naissent au fil de l&rsquo;eau. Le secteur de la sant\u00e9 s&rsquo;y pr\u00eate \u00e0 merveille. Et cette ann\u00e9e, les penseurs se bousculent au portillon. La directrice de la sant\u00e9 zurichoise, Natalie Rickli, [&hellip;]<\/p>\n","protected":false},"author":3,"featured_media":2003,"comment_status":"closed","ping_status":"closed","sticky":false,"template":"","format":"standard","meta":{"_acf_changed":false,"content-type":"","footnotes":""},"categories":[57],"tags":[],"class_list":["post-2269","post","type-post","status-publish","format-standard","has-post-thumbnail","hentry","category-gastbeitrag"],"acf":[],"yoast_head":"<!-- This site is optimized with the Yoast SEO plugin v27.5 - https:\/\/yoast.com\/product\/yoast-seo-wordpress\/ -->\n<title>Salade de saucisses garnie - Contribution d&#039;invit\u00e9 de Dr. Hans Balmer - Medviu<\/title>\n<meta name=\"robots\" content=\"index, follow, max-snippet:-1, max-image-preview:large, max-video-preview:-1\" \/>\n<link rel=\"canonical\" href=\"https:\/\/medviu.ch\/fr\/salade-de-saucisses-garnie-contribution-dinvite-de-dr-hans-balmer\/\" \/>\n<meta property=\"og:locale\" content=\"fr_FR\" \/>\n<meta property=\"og:type\" content=\"article\" \/>\n<meta property=\"og:title\" content=\"Salade de saucisses garnie - Contribution d&#039;invit\u00e9 de Dr. Hans Balmer - Medviu\" \/>\n<meta property=\"og:description\" content=\"C&rsquo;est la campagne \u00e9lectorale et les politiciens de tous bords se disputent les faveurs des \u00e9lecteurs. Il n&rsquo;est donc pas \u00e9tonnant que des id\u00e9es naissent au fil de l&rsquo;eau. Le secteur de la sant\u00e9 s&rsquo;y pr\u00eate \u00e0 merveille. Et cette ann\u00e9e, les penseurs se bousculent au portillon. La directrice de la sant\u00e9 zurichoise, Natalie Rickli, [&hellip;]\" \/>\n<meta property=\"og:url\" content=\"https:\/\/medviu.ch\/fr\/salade-de-saucisses-garnie-contribution-dinvite-de-dr-hans-balmer\/\" \/>\n<meta property=\"og:site_name\" content=\"Medviu\" \/>\n<meta property=\"article:published_time\" content=\"2023-09-13T09:31:26+00:00\" \/>\n<meta property=\"article:modified_time\" content=\"2023-09-13T09:31:27+00:00\" \/>\n<meta property=\"og:image\" content=\"https:\/\/medviu.ch\/wp-content\/uploads\/2023\/06\/HB.png\" \/>\n\t<meta property=\"og:image:width\" content=\"1413\" \/>\n\t<meta property=\"og:image:height\" content=\"987\" \/>\n\t<meta property=\"og:image:type\" content=\"image\/png\" \/>\n<meta name=\"author\" content=\"Tobias Walt\" \/>\n<meta name=\"twitter:card\" content=\"summary_large_image\" \/>\n<meta name=\"twitter:label1\" content=\"\u00c9crit par\" \/>\n\t<meta name=\"twitter:data1\" content=\"Tobias Walt\" \/>\n\t<meta name=\"twitter:label2\" content=\"Dur\u00e9e de lecture estim\u00e9e\" \/>\n\t<meta name=\"twitter:data2\" content=\"3 minutes\" \/>\n<script type=\"application\/ld+json\" class=\"yoast-schema-graph\">{\"@context\":\"https:\\\/\\\/schema.org\",\"@graph\":[{\"@type\":\"Article\",\"@id\":\"https:\\\/\\\/medviu.ch\\\/fr\\\/salade-de-saucisses-garnie-contribution-dinvite-de-dr-hans-balmer\\\/#article\",\"isPartOf\":{\"@id\":\"https:\\\/\\\/medviu.ch\\\/fr\\\/salade-de-saucisses-garnie-contribution-dinvite-de-dr-hans-balmer\\\/\"},\"author\":{\"name\":\"Tobias Walt\",\"@id\":\"https:\\\/\\\/medviu.ch\\\/fr\\\/#\\\/schema\\\/person\\\/e3ffce05daf289ceaa28958b640cb03d\"},\"headline\":\"Salade de saucisses garnie &#8211; Contribution d&rsquo;invit\u00e9 de Dr. Hans Balmer\",\"datePublished\":\"2023-09-13T09:31:26+00:00\",\"dateModified\":\"2023-09-13T09:31:27+00:00\",\"mainEntityOfPage\":{\"@id\":\"https:\\\/\\\/medviu.ch\\\/fr\\\/salade-de-saucisses-garnie-contribution-dinvite-de-dr-hans-balmer\\\/\"},\"wordCount\":703,\"publisher\":{\"@id\":\"https:\\\/\\\/medviu.ch\\\/fr\\\/#organization\"},\"image\":{\"@id\":\"https:\\\/\\\/medviu.ch\\\/fr\\\/salade-de-saucisses-garnie-contribution-dinvite-de-dr-hans-balmer\\\/#primaryimage\"},\"thumbnailUrl\":\"https:\\\/\\\/medviu.ch\\\/wp-content\\\/uploads\\\/2023\\\/06\\\/HB.png\",\"articleSection\":[\"Gastbeitrag\"],\"inLanguage\":\"fr-FR\"},{\"@type\":\"WebPage\",\"@id\":\"https:\\\/\\\/medviu.ch\\\/fr\\\/salade-de-saucisses-garnie-contribution-dinvite-de-dr-hans-balmer\\\/\",\"url\":\"https:\\\/\\\/medviu.ch\\\/fr\\\/salade-de-saucisses-garnie-contribution-dinvite-de-dr-hans-balmer\\\/\",\"name\":\"Salade de saucisses garnie - Contribution d'invit\u00e9 de Dr. Hans Balmer - Medviu\",\"isPartOf\":{\"@id\":\"https:\\\/\\\/medviu.ch\\\/fr\\\/#website\"},\"primaryImageOfPage\":{\"@id\":\"https:\\\/\\\/medviu.ch\\\/fr\\\/salade-de-saucisses-garnie-contribution-dinvite-de-dr-hans-balmer\\\/#primaryimage\"},\"image\":{\"@id\":\"https:\\\/\\\/medviu.ch\\\/fr\\\/salade-de-saucisses-garnie-contribution-dinvite-de-dr-hans-balmer\\\/#primaryimage\"},\"thumbnailUrl\":\"https:\\\/\\\/medviu.ch\\\/wp-content\\\/uploads\\\/2023\\\/06\\\/HB.png\",\"datePublished\":\"2023-09-13T09:31:26+00:00\",\"dateModified\":\"2023-09-13T09:31:27+00:00\",\"breadcrumb\":{\"@id\":\"https:\\\/\\\/medviu.ch\\\/fr\\\/salade-de-saucisses-garnie-contribution-dinvite-de-dr-hans-balmer\\\/#breadcrumb\"},\"inLanguage\":\"fr-FR\",\"potentialAction\":[{\"@type\":\"ReadAction\",\"target\":[\"https:\\\/\\\/medviu.ch\\\/fr\\\/salade-de-saucisses-garnie-contribution-dinvite-de-dr-hans-balmer\\\/\"]}]},{\"@type\":\"ImageObject\",\"inLanguage\":\"fr-FR\",\"@id\":\"https:\\\/\\\/medviu.ch\\\/fr\\\/salade-de-saucisses-garnie-contribution-dinvite-de-dr-hans-balmer\\\/#primaryimage\",\"url\":\"https:\\\/\\\/medviu.ch\\\/wp-content\\\/uploads\\\/2023\\\/06\\\/HB.png\",\"contentUrl\":\"https:\\\/\\\/medviu.ch\\\/wp-content\\\/uploads\\\/2023\\\/06\\\/HB.png\",\"width\":1413,\"height\":987,\"caption\":\"Hans Balmer\"},{\"@type\":\"BreadcrumbList\",\"@id\":\"https:\\\/\\\/medviu.ch\\\/fr\\\/salade-de-saucisses-garnie-contribution-dinvite-de-dr-hans-balmer\\\/#breadcrumb\",\"itemListElement\":[{\"@type\":\"ListItem\",\"position\":1,\"name\":\"Startseite\",\"item\":\"https:\\\/\\\/medviu.ch\\\/fr\\\/\"},{\"@type\":\"ListItem\",\"position\":2,\"name\":\"Salade de saucisses garnie &#8211; Contribution d&#8217;invit\u00e9 de Dr. Hans Balmer\"}]},{\"@type\":\"WebSite\",\"@id\":\"https:\\\/\\\/medviu.ch\\\/fr\\\/#website\",\"url\":\"https:\\\/\\\/medviu.ch\\\/fr\\\/\",\"name\":\"Medviu\",\"description\":\"Medienspiegel Gesundheitswesen Schweiz\",\"publisher\":{\"@id\":\"https:\\\/\\\/medviu.ch\\\/fr\\\/#organization\"},\"potentialAction\":[{\"@type\":\"SearchAction\",\"target\":{\"@type\":\"EntryPoint\",\"urlTemplate\":\"https:\\\/\\\/medviu.ch\\\/fr\\\/?s={search_term_string}\"},\"query-input\":{\"@type\":\"PropertyValueSpecification\",\"valueRequired\":true,\"valueName\":\"search_term_string\"}}],\"inLanguage\":\"fr-FR\"},{\"@type\":\"Organization\",\"@id\":\"https:\\\/\\\/medviu.ch\\\/fr\\\/#organization\",\"name\":\"Medviu\",\"url\":\"https:\\\/\\\/medviu.ch\\\/fr\\\/\",\"logo\":{\"@type\":\"ImageObject\",\"inLanguage\":\"fr-FR\",\"@id\":\"https:\\\/\\\/medviu.ch\\\/fr\\\/#\\\/schema\\\/logo\\\/image\\\/\",\"url\":\"https:\\\/\\\/medviu.ch\\\/wp-content\\\/uploads\\\/2022\\\/09\\\/logo_medviu-colored.png\",\"contentUrl\":\"https:\\\/\\\/medviu.ch\\\/wp-content\\\/uploads\\\/2022\\\/09\\\/logo_medviu-colored.png\",\"width\":180,\"height\":50,\"caption\":\"Medviu\"},\"image\":{\"@id\":\"https:\\\/\\\/medviu.ch\\\/fr\\\/#\\\/schema\\\/logo\\\/image\\\/\"}},{\"@type\":\"Person\",\"@id\":\"https:\\\/\\\/medviu.ch\\\/fr\\\/#\\\/schema\\\/person\\\/e3ffce05daf289ceaa28958b640cb03d\",\"name\":\"Tobias Walt\",\"image\":{\"@type\":\"ImageObject\",\"inLanguage\":\"fr-FR\",\"@id\":\"https:\\\/\\\/secure.gravatar.com\\\/avatar\\\/4f6314a50eff6bab933dec77295501ef77f5ffbfa56c8d7196c3f038c3f03837?s=96&d=mm&r=g\",\"url\":\"https:\\\/\\\/secure.gravatar.com\\\/avatar\\\/4f6314a50eff6bab933dec77295501ef77f5ffbfa56c8d7196c3f038c3f03837?s=96&d=mm&r=g\",\"contentUrl\":\"https:\\\/\\\/secure.gravatar.com\\\/avatar\\\/4f6314a50eff6bab933dec77295501ef77f5ffbfa56c8d7196c3f038c3f03837?s=96&d=mm&r=g\",\"caption\":\"Tobias Walt\"},\"url\":\"https:\\\/\\\/medviu.ch\\\/fr\\\/author\\\/twalt\\\/\"}]}<\/script>\n<!-- \/ Yoast SEO plugin. -->","yoast_head_json":{"title":"Salade de saucisses garnie - Contribution d'invit\u00e9 de Dr. Hans Balmer - Medviu","robots":{"index":"index","follow":"follow","max-snippet":"max-snippet:-1","max-image-preview":"max-image-preview:large","max-video-preview":"max-video-preview:-1"},"canonical":"https:\/\/medviu.ch\/fr\/salade-de-saucisses-garnie-contribution-dinvite-de-dr-hans-balmer\/","og_locale":"fr_FR","og_type":"article","og_title":"Salade de saucisses garnie - Contribution d'invit\u00e9 de Dr. Hans Balmer - Medviu","og_description":"C&rsquo;est la campagne \u00e9lectorale et les politiciens de tous bords se disputent les faveurs des \u00e9lecteurs. Il n&rsquo;est donc pas \u00e9tonnant que des id\u00e9es naissent au fil de l&rsquo;eau. Le secteur de la sant\u00e9 s&rsquo;y pr\u00eate \u00e0 merveille. Et cette ann\u00e9e, les penseurs se bousculent au portillon. La directrice de la sant\u00e9 zurichoise, Natalie Rickli, [&hellip;]","og_url":"https:\/\/medviu.ch\/fr\/salade-de-saucisses-garnie-contribution-dinvite-de-dr-hans-balmer\/","og_site_name":"Medviu","article_published_time":"2023-09-13T09:31:26+00:00","article_modified_time":"2023-09-13T09:31:27+00:00","og_image":[{"width":1413,"height":987,"url":"https:\/\/medviu.ch\/wp-content\/uploads\/2023\/06\/HB.png","type":"image\/png"}],"author":"Tobias Walt","twitter_card":"summary_large_image","twitter_misc":{"\u00c9crit par":"Tobias Walt","Dur\u00e9e de lecture estim\u00e9e":"3 minutes"},"schema":{"@context":"https:\/\/schema.org","@graph":[{"@type":"Article","@id":"https:\/\/medviu.ch\/fr\/salade-de-saucisses-garnie-contribution-dinvite-de-dr-hans-balmer\/#article","isPartOf":{"@id":"https:\/\/medviu.ch\/fr\/salade-de-saucisses-garnie-contribution-dinvite-de-dr-hans-balmer\/"},"author":{"name":"Tobias Walt","@id":"https:\/\/medviu.ch\/fr\/#\/schema\/person\/e3ffce05daf289ceaa28958b640cb03d"},"headline":"Salade de saucisses garnie &#8211; Contribution d&rsquo;invit\u00e9 de Dr. Hans Balmer","datePublished":"2023-09-13T09:31:26+00:00","dateModified":"2023-09-13T09:31:27+00:00","mainEntityOfPage":{"@id":"https:\/\/medviu.ch\/fr\/salade-de-saucisses-garnie-contribution-dinvite-de-dr-hans-balmer\/"},"wordCount":703,"publisher":{"@id":"https:\/\/medviu.ch\/fr\/#organization"},"image":{"@id":"https:\/\/medviu.ch\/fr\/salade-de-saucisses-garnie-contribution-dinvite-de-dr-hans-balmer\/#primaryimage"},"thumbnailUrl":"https:\/\/medviu.ch\/wp-content\/uploads\/2023\/06\/HB.png","articleSection":["Gastbeitrag"],"inLanguage":"fr-FR"},{"@type":"WebPage","@id":"https:\/\/medviu.ch\/fr\/salade-de-saucisses-garnie-contribution-dinvite-de-dr-hans-balmer\/","url":"https:\/\/medviu.ch\/fr\/salade-de-saucisses-garnie-contribution-dinvite-de-dr-hans-balmer\/","name":"Salade de saucisses garnie - Contribution d'invit\u00e9 de Dr. Hans Balmer - Medviu","isPartOf":{"@id":"https:\/\/medviu.ch\/fr\/#website"},"primaryImageOfPage":{"@id":"https:\/\/medviu.ch\/fr\/salade-de-saucisses-garnie-contribution-dinvite-de-dr-hans-balmer\/#primaryimage"},"image":{"@id":"https:\/\/medviu.ch\/fr\/salade-de-saucisses-garnie-contribution-dinvite-de-dr-hans-balmer\/#primaryimage"},"thumbnailUrl":"https:\/\/medviu.ch\/wp-content\/uploads\/2023\/06\/HB.png","datePublished":"2023-09-13T09:31:26+00:00","dateModified":"2023-09-13T09:31:27+00:00","breadcrumb":{"@id":"https:\/\/medviu.ch\/fr\/salade-de-saucisses-garnie-contribution-dinvite-de-dr-hans-balmer\/#breadcrumb"},"inLanguage":"fr-FR","potentialAction":[{"@type":"ReadAction","target":["https:\/\/medviu.ch\/fr\/salade-de-saucisses-garnie-contribution-dinvite-de-dr-hans-balmer\/"]}]},{"@type":"ImageObject","inLanguage":"fr-FR","@id":"https:\/\/medviu.ch\/fr\/salade-de-saucisses-garnie-contribution-dinvite-de-dr-hans-balmer\/#primaryimage","url":"https:\/\/medviu.ch\/wp-content\/uploads\/2023\/06\/HB.png","contentUrl":"https:\/\/medviu.ch\/wp-content\/uploads\/2023\/06\/HB.png","width":1413,"height":987,"caption":"Hans Balmer"},{"@type":"BreadcrumbList","@id":"https:\/\/medviu.ch\/fr\/salade-de-saucisses-garnie-contribution-dinvite-de-dr-hans-balmer\/#breadcrumb","itemListElement":[{"@type":"ListItem","position":1,"name":"Startseite","item":"https:\/\/medviu.ch\/fr\/"},{"@type":"ListItem","position":2,"name":"Salade de saucisses garnie &#8211; Contribution d&#8217;invit\u00e9 de Dr. Hans Balmer"}]},{"@type":"WebSite","@id":"https:\/\/medviu.ch\/fr\/#website","url":"https:\/\/medviu.ch\/fr\/","name":"Medviu","description":"Medienspiegel Gesundheitswesen Schweiz","publisher":{"@id":"https:\/\/medviu.ch\/fr\/#organization"},"potentialAction":[{"@type":"SearchAction","target":{"@type":"EntryPoint","urlTemplate":"https:\/\/medviu.ch\/fr\/?s={search_term_string}"},"query-input":{"@type":"PropertyValueSpecification","valueRequired":true,"valueName":"search_term_string"}}],"inLanguage":"fr-FR"},{"@type":"Organization","@id":"https:\/\/medviu.ch\/fr\/#organization","name":"Medviu","url":"https:\/\/medviu.ch\/fr\/","logo":{"@type":"ImageObject","inLanguage":"fr-FR","@id":"https:\/\/medviu.ch\/fr\/#\/schema\/logo\/image\/","url":"https:\/\/medviu.ch\/wp-content\/uploads\/2022\/09\/logo_medviu-colored.png","contentUrl":"https:\/\/medviu.ch\/wp-content\/uploads\/2022\/09\/logo_medviu-colored.png","width":180,"height":50,"caption":"Medviu"},"image":{"@id":"https:\/\/medviu.ch\/fr\/#\/schema\/logo\/image\/"}},{"@type":"Person","@id":"https:\/\/medviu.ch\/fr\/#\/schema\/person\/e3ffce05daf289ceaa28958b640cb03d","name":"Tobias Walt","image":{"@type":"ImageObject","inLanguage":"fr-FR","@id":"https:\/\/secure.gravatar.com\/avatar\/4f6314a50eff6bab933dec77295501ef77f5ffbfa56c8d7196c3f038c3f03837?s=96&d=mm&r=g","url":"https:\/\/secure.gravatar.com\/avatar\/4f6314a50eff6bab933dec77295501ef77f5ffbfa56c8d7196c3f038c3f03837?s=96&d=mm&r=g","contentUrl":"https:\/\/secure.gravatar.com\/avatar\/4f6314a50eff6bab933dec77295501ef77f5ffbfa56c8d7196c3f038c3f03837?s=96&d=mm&r=g","caption":"Tobias Walt"},"url":"https:\/\/medviu.ch\/fr\/author\/twalt\/"}]}},"_links":{"self":[{"href":"https:\/\/medviu.ch\/fr\/wp-json\/wp\/v2\/posts\/2269","targetHints":{"allow":["GET"]}}],"collection":[{"href":"https:\/\/medviu.ch\/fr\/wp-json\/wp\/v2\/posts"}],"about":[{"href":"https:\/\/medviu.ch\/fr\/wp-json\/wp\/v2\/types\/post"}],"author":[{"embeddable":true,"href":"https:\/\/medviu.ch\/fr\/wp-json\/wp\/v2\/users\/3"}],"replies":[{"embeddable":true,"href":"https:\/\/medviu.ch\/fr\/wp-json\/wp\/v2\/comments?post=2269"}],"version-history":[{"count":1,"href":"https:\/\/medviu.ch\/fr\/wp-json\/wp\/v2\/posts\/2269\/revisions"}],"predecessor-version":[{"id":2270,"href":"https:\/\/medviu.ch\/fr\/wp-json\/wp\/v2\/posts\/2269\/revisions\/2270"}],"wp:featuredmedia":[{"embeddable":true,"href":"https:\/\/medviu.ch\/fr\/wp-json\/wp\/v2\/media\/2003"}],"wp:attachment":[{"href":"https:\/\/medviu.ch\/fr\/wp-json\/wp\/v2\/media?parent=2269"}],"wp:term":[{"taxonomy":"category","embeddable":true,"href":"https:\/\/medviu.ch\/fr\/wp-json\/wp\/v2\/categories?post=2269"},{"taxonomy":"post_tag","embeddable":true,"href":"https:\/\/medviu.ch\/fr\/wp-json\/wp\/v2\/tags?post=2269"}],"curies":[{"name":"wp","href":"https:\/\/api.w.org\/{rel}","templated":true}]}}