{"id":2992,"date":"2024-07-09T09:15:02","date_gmt":"2024-07-09T07:15:02","guid":{"rendered":"https:\/\/medviu.ch\/?p=2992"},"modified":"2024-07-09T09:15:03","modified_gmt":"2024-07-09T07:15:03","slug":"la-numerisation-doit-etre-au-service-des-personnes","status":"publish","type":"post","link":"https:\/\/medviu.ch\/fr\/la-numerisation-doit-etre-au-service-des-personnes\/","title":{"rendered":"La num\u00e9risation doit \u00eatre au service des personnes"},"content":{"rendered":"\n<p><strong>Contribution d&rsquo;invit\u00e9 de Rober Meyer, Key Account Manager, MediData AG, Root\/LU<\/strong><\/p>\n\n\n\n<p>Le syst\u00e8me de sant\u00e9 suisse figure dans les derniers rangs des classements internationaux en mati\u00e8re de num\u00e9risation. Seules 6% des donn\u00e9es disponibles sont syst\u00e9matiquement r\u00e9utilis\u00e9es. Nous pouvons faire mieux, car la technologie de l&rsquo;information doit optimiser les processus, augmenter la transparence, mettre les partenaires en r\u00e9seau et offrir une meilleure rentabilit\u00e9. C&rsquo;est particuli\u00e8rement vrai dans le secteur de la sant\u00e9. Et c&rsquo;est d&rsquo;autant plus exigeant que les donn\u00e9es \u00e9chang\u00e9es sont extr\u00eamement sensibles. C&rsquo;est un d\u00e9fi formidable pour nous &#8211; depuis 30 ans. Nous prenons tr\u00e8s au s\u00e9rieux les besoins de toutes les personnes dans le secteur de la sant\u00e9. Et nous les r\u00e9unissons.<\/p>\n\n\n\n<p>Le r\u00e9seau MediData est notre contribution \u00e0 une meilleure utilisation des donn\u00e9es \u00e9lectroniques. Car la num\u00e9risation cr\u00e9e de l&rsquo;espace. Gr\u00e2ce \u00e0 des processus num\u00e9ris\u00e9s tels que le traitement automatis\u00e9 des factures, les prestataires et les organismes payeurs peuvent utiliser les ressources de mani\u00e8re plus efficace. Cela leur permet non seulement de r\u00e9duire les co\u00fbts de personnel, mais aussi de consacrer plus de temps \u00e0 d&rsquo;autres t\u00e2ches qui n\u00e9cessitent toujours l&rsquo;intervention des mains. Pour les organismes payeurs, les factures \u00e9lectroniques permettent d&rsquo;automatiser environ 80% des t\u00e2ches. Le r\u00e9seau MediData se pr\u00eate \u00e0 l&rsquo;\u00e9change de diff\u00e9rents documents ; outre les documents de facturation et d&rsquo;assurance, il est \u00e9galement possible de transmettre des fichiers image ou d&rsquo;autres documents structur\u00e9s et non structur\u00e9s, tels que des plans de m\u00e9dicaments, des ordonnances, etc. Avec le r\u00e9seau MediData, nous mettons \u00e0 disposition un canal de communication extr\u00eamement s\u00fbr. R\u00e9cemment, le 20 000e utilisateur a pu \u00eatre raccord\u00e9.<\/p>\n\n\n\n<p>Les utilisateurs b\u00e9n\u00e9ficient par exemple de la garantie de paiement \u00e9lectronique (eKoGu) pour les traitements hospitaliers. Cela signifie un acc\u00e8s plus rapide \u00e0 la meilleure th\u00e9rapie et un d\u00e9but plus pr\u00e9coce de la r\u00e9\u00e9ducation, ce qui est d\u00e9cisif pour la qualit\u00e9 des soins. La d\u00e9claration \u00e9lectronique des besoins pour le feu vert \u00e0 des prestations sur mesure dans les maisons de retraite et de soins pr\u00e9sente \u00e9galement des avantages &#8211; adaptation plus rapide aux nouveaux besoins des personnes \u00e2g\u00e9es.<\/p>\n\n\n\n<p>La copie \u00e9lectronique des factures et l&rsquo;eBill sont d&rsquo;autres atouts pour les patients. Nous proposons ainsi des solutions pour l&rsquo;envoi num\u00e9rique de documents confidentiels tels que les factures, les copies de factures, les justificatifs de remboursement, etc. via le portail des patients. C&rsquo;est s\u00fbr, simple, \u00e9conomique et \u00e9cologique. Dans toute la Suisse, les assureurs maladie et accidents, les m\u00e9decins, les h\u00f4pitaux, les instituts de radiologie, les laboratoires, les pharmacies, les services d&rsquo;aide et de soins \u00e0 domicile, les homes ainsi que les cantons misent donc sur ce mode de transport num\u00e9rique fiable.<\/p>\n\n\n\n<p>L&rsquo;eBill est de plus en plus populaire. Le traitement se fait dans le cadre de l&rsquo;e-banking priv\u00e9 habituel. Contrairement aux factures papier et \u00e9lectroniques, il n&rsquo;y a aucun risque de fraude. Personne ne peut envoyer de fausses factures au nom d&rsquo;une autre entreprise. En tant que solution des banques suisses, eBill est absolument s\u00fbre. Plus de 4500 entreprises envoient d\u00e9j\u00e0 leurs factures par eBill &#8211; de plus en plus dans le secteur de la sant\u00e9.<\/p>\n\n\n\n<p>Le d\u00e9veloppement de la num\u00e9risation de notre syst\u00e8me de sant\u00e9 est essentiel pour ma\u00eetriser les co\u00fbts et garantir une tr\u00e8s haute qualit\u00e9 de soins. Tous les partenaires sont appel\u00e9s \u00e0 y contribuer. Notre motivation consiste \u00e0 mettre en r\u00e9seau de mani\u00e8re fiable les fournisseurs de prestations, les assureurs et les particuliers. Cela vaut \u00e9galement pour les 30 prochaines ann\u00e9es.<\/p>\n\n\n\n<p class=\"has-cyan-bluish-gray-background-color has-background\">Souhaitez-vous \u00e9galement publier ici une contribution d&rsquo;invit\u00e9 sur un th\u00e8me li\u00e9 au syst\u00e8me de sant\u00e9 suisse ? Ecrivez-nous \u00e0 contact@medviu.ch.<\/p>\n","protected":false},"excerpt":{"rendered":"<p>Contribution d&rsquo;invit\u00e9 de Rober Meyer, Key Account Manager, MediData AG, Root\/LU Le syst\u00e8me de sant\u00e9 suisse figure dans les derniers rangs des classements internationaux en mati\u00e8re de num\u00e9risation. Seules 6% des donn\u00e9es disponibles sont syst\u00e9matiquement r\u00e9utilis\u00e9es. Nous pouvons faire mieux, car la technologie de l&rsquo;information doit optimiser les processus, augmenter la transparence, mettre les partenaires [&hellip;]<\/p>\n","protected":false},"author":3,"featured_media":2319,"comment_status":"closed","ping_status":"closed","sticky":false,"template":"","format":"standard","meta":{"_acf_changed":false,"content-type":"","footnotes":""},"categories":[57],"tags":[114,116,63],"class_list":["post-2992","post","type-post","status-publish","format-standard","has-post-thumbnail","hentry","category-gastbeitrag","tag-medidata","tag-numerisation","tag-systeme-de-sante-suisse"],"acf":[],"yoast_head":"<!-- This site is optimized with the Yoast SEO plugin v27.5 - https:\/\/yoast.com\/product\/yoast-seo-wordpress\/ -->\n<title>La num\u00e9risation doit \u00eatre au service des personnes - Medviu<\/title>\n<meta name=\"robots\" content=\"index, follow, max-snippet:-1, max-image-preview:large, max-video-preview:-1\" \/>\n<link rel=\"canonical\" href=\"https:\/\/medviu.ch\/fr\/la-numerisation-doit-etre-au-service-des-personnes\/\" \/>\n<meta property=\"og:locale\" content=\"fr_FR\" \/>\n<meta property=\"og:type\" content=\"article\" \/>\n<meta property=\"og:title\" content=\"La num\u00e9risation doit \u00eatre au service des personnes - Medviu\" \/>\n<meta property=\"og:description\" content=\"Contribution d&rsquo;invit\u00e9 de Rober Meyer, Key Account Manager, MediData AG, Root\/LU Le syst\u00e8me de sant\u00e9 suisse figure dans les derniers rangs des classements internationaux en mati\u00e8re de num\u00e9risation. Seules 6% des donn\u00e9es disponibles sont syst\u00e9matiquement r\u00e9utilis\u00e9es. Nous pouvons faire mieux, car la technologie de l&rsquo;information doit optimiser les processus, augmenter la transparence, mettre les partenaires [&hellip;]\" \/>\n<meta property=\"og:url\" content=\"https:\/\/medviu.ch\/fr\/la-numerisation-doit-etre-au-service-des-personnes\/\" \/>\n<meta property=\"og:site_name\" content=\"Medviu\" \/>\n<meta property=\"article:published_time\" content=\"2024-07-09T07:15:02+00:00\" \/>\n<meta property=\"article:modified_time\" content=\"2024-07-09T07:15:03+00:00\" \/>\n<meta property=\"og:image\" content=\"https:\/\/medviu.ch\/wp-content\/uploads\/2023\/10\/MediData-Mitarbeitende-10.jpg\" \/>\n\t<meta property=\"og:image:width\" content=\"1000\" \/>\n\t<meta property=\"og:image:height\" content=\"665\" \/>\n\t<meta property=\"og:image:type\" content=\"image\/jpeg\" \/>\n<meta name=\"author\" content=\"Tobias Walt\" \/>\n<meta name=\"twitter:card\" content=\"summary_large_image\" \/>\n<meta name=\"twitter:label1\" content=\"\u00c9crit par\" \/>\n\t<meta name=\"twitter:data1\" content=\"Tobias Walt\" \/>\n\t<meta name=\"twitter:label2\" content=\"Dur\u00e9e de lecture estim\u00e9e\" \/>\n\t<meta name=\"twitter:data2\" content=\"4 minutes\" \/>\n<script type=\"application\/ld+json\" class=\"yoast-schema-graph\">{\"@context\":\"https:\\\/\\\/schema.org\",\"@graph\":[{\"@type\":\"Article\",\"@id\":\"https:\\\/\\\/medviu.ch\\\/fr\\\/la-numerisation-doit-etre-au-service-des-personnes\\\/#article\",\"isPartOf\":{\"@id\":\"https:\\\/\\\/medviu.ch\\\/fr\\\/la-numerisation-doit-etre-au-service-des-personnes\\\/\"},\"author\":{\"name\":\"Tobias Walt\",\"@id\":\"https:\\\/\\\/medviu.ch\\\/fr\\\/#\\\/schema\\\/person\\\/e3ffce05daf289ceaa28958b640cb03d\"},\"headline\":\"La num\u00e9risation doit \u00eatre au service des personnes\",\"datePublished\":\"2024-07-09T07:15:02+00:00\",\"dateModified\":\"2024-07-09T07:15:03+00:00\",\"mainEntityOfPage\":{\"@id\":\"https:\\\/\\\/medviu.ch\\\/fr\\\/la-numerisation-doit-etre-au-service-des-personnes\\\/\"},\"wordCount\":653,\"publisher\":{\"@id\":\"https:\\\/\\\/medviu.ch\\\/fr\\\/#organization\"},\"image\":{\"@id\":\"https:\\\/\\\/medviu.ch\\\/fr\\\/la-numerisation-doit-etre-au-service-des-personnes\\\/#primaryimage\"},\"thumbnailUrl\":\"https:\\\/\\\/medviu.ch\\\/wp-content\\\/uploads\\\/2023\\\/10\\\/MediData-Mitarbeitende-10.jpg\",\"keywords\":[\"MediData\",\"num\u00e9risation\",\"syst\u00e8me de sant\u00e9 suisse\"],\"articleSection\":[\"Gastbeitrag\"],\"inLanguage\":\"fr-FR\"},{\"@type\":\"WebPage\",\"@id\":\"https:\\\/\\\/medviu.ch\\\/fr\\\/la-numerisation-doit-etre-au-service-des-personnes\\\/\",\"url\":\"https:\\\/\\\/medviu.ch\\\/fr\\\/la-numerisation-doit-etre-au-service-des-personnes\\\/\",\"name\":\"La num\u00e9risation doit \u00eatre au service des personnes - Medviu\",\"isPartOf\":{\"@id\":\"https:\\\/\\\/medviu.ch\\\/fr\\\/#website\"},\"primaryImageOfPage\":{\"@id\":\"https:\\\/\\\/medviu.ch\\\/fr\\\/la-numerisation-doit-etre-au-service-des-personnes\\\/#primaryimage\"},\"image\":{\"@id\":\"https:\\\/\\\/medviu.ch\\\/fr\\\/la-numerisation-doit-etre-au-service-des-personnes\\\/#primaryimage\"},\"thumbnailUrl\":\"https:\\\/\\\/medviu.ch\\\/wp-content\\\/uploads\\\/2023\\\/10\\\/MediData-Mitarbeitende-10.jpg\",\"datePublished\":\"2024-07-09T07:15:02+00:00\",\"dateModified\":\"2024-07-09T07:15:03+00:00\",\"breadcrumb\":{\"@id\":\"https:\\\/\\\/medviu.ch\\\/fr\\\/la-numerisation-doit-etre-au-service-des-personnes\\\/#breadcrumb\"},\"inLanguage\":\"fr-FR\",\"potentialAction\":[{\"@type\":\"ReadAction\",\"target\":[\"https:\\\/\\\/medviu.ch\\\/fr\\\/la-numerisation-doit-etre-au-service-des-personnes\\\/\"]}]},{\"@type\":\"ImageObject\",\"inLanguage\":\"fr-FR\",\"@id\":\"https:\\\/\\\/medviu.ch\\\/fr\\\/la-numerisation-doit-etre-au-service-des-personnes\\\/#primaryimage\",\"url\":\"https:\\\/\\\/medviu.ch\\\/wp-content\\\/uploads\\\/2023\\\/10\\\/MediData-Mitarbeitende-10.jpg\",\"contentUrl\":\"https:\\\/\\\/medviu.ch\\\/wp-content\\\/uploads\\\/2023\\\/10\\\/MediData-Mitarbeitende-10.jpg\",\"width\":1000,\"height\":665},{\"@type\":\"BreadcrumbList\",\"@id\":\"https:\\\/\\\/medviu.ch\\\/fr\\\/la-numerisation-doit-etre-au-service-des-personnes\\\/#breadcrumb\",\"itemListElement\":[{\"@type\":\"ListItem\",\"position\":1,\"name\":\"Startseite\",\"item\":\"https:\\\/\\\/medviu.ch\\\/fr\\\/\"},{\"@type\":\"ListItem\",\"position\":2,\"name\":\"La num\u00e9risation doit \u00eatre au service des personnes\"}]},{\"@type\":\"WebSite\",\"@id\":\"https:\\\/\\\/medviu.ch\\\/fr\\\/#website\",\"url\":\"https:\\\/\\\/medviu.ch\\\/fr\\\/\",\"name\":\"Medviu\",\"description\":\"Medienspiegel Gesundheitswesen Schweiz\",\"publisher\":{\"@id\":\"https:\\\/\\\/medviu.ch\\\/fr\\\/#organization\"},\"potentialAction\":[{\"@type\":\"SearchAction\",\"target\":{\"@type\":\"EntryPoint\",\"urlTemplate\":\"https:\\\/\\\/medviu.ch\\\/fr\\\/?s={search_term_string}\"},\"query-input\":{\"@type\":\"PropertyValueSpecification\",\"valueRequired\":true,\"valueName\":\"search_term_string\"}}],\"inLanguage\":\"fr-FR\"},{\"@type\":\"Organization\",\"@id\":\"https:\\\/\\\/medviu.ch\\\/fr\\\/#organization\",\"name\":\"Medviu\",\"url\":\"https:\\\/\\\/medviu.ch\\\/fr\\\/\",\"logo\":{\"@type\":\"ImageObject\",\"inLanguage\":\"fr-FR\",\"@id\":\"https:\\\/\\\/medviu.ch\\\/fr\\\/#\\\/schema\\\/logo\\\/image\\\/\",\"url\":\"https:\\\/\\\/medviu.ch\\\/wp-content\\\/uploads\\\/2022\\\/09\\\/logo_medviu-colored.png\",\"contentUrl\":\"https:\\\/\\\/medviu.ch\\\/wp-content\\\/uploads\\\/2022\\\/09\\\/logo_medviu-colored.png\",\"width\":180,\"height\":50,\"caption\":\"Medviu\"},\"image\":{\"@id\":\"https:\\\/\\\/medviu.ch\\\/fr\\\/#\\\/schema\\\/logo\\\/image\\\/\"}},{\"@type\":\"Person\",\"@id\":\"https:\\\/\\\/medviu.ch\\\/fr\\\/#\\\/schema\\\/person\\\/e3ffce05daf289ceaa28958b640cb03d\",\"name\":\"Tobias Walt\",\"image\":{\"@type\":\"ImageObject\",\"inLanguage\":\"fr-FR\",\"@id\":\"https:\\\/\\\/secure.gravatar.com\\\/avatar\\\/4f6314a50eff6bab933dec77295501ef77f5ffbfa56c8d7196c3f038c3f03837?s=96&d=mm&r=g\",\"url\":\"https:\\\/\\\/secure.gravatar.com\\\/avatar\\\/4f6314a50eff6bab933dec77295501ef77f5ffbfa56c8d7196c3f038c3f03837?s=96&d=mm&r=g\",\"contentUrl\":\"https:\\\/\\\/secure.gravatar.com\\\/avatar\\\/4f6314a50eff6bab933dec77295501ef77f5ffbfa56c8d7196c3f038c3f03837?s=96&d=mm&r=g\",\"caption\":\"Tobias Walt\"},\"url\":\"https:\\\/\\\/medviu.ch\\\/fr\\\/author\\\/twalt\\\/\"}]}<\/script>\n<!-- \/ Yoast SEO plugin. -->","yoast_head_json":{"title":"La num\u00e9risation doit \u00eatre au service des personnes - Medviu","robots":{"index":"index","follow":"follow","max-snippet":"max-snippet:-1","max-image-preview":"max-image-preview:large","max-video-preview":"max-video-preview:-1"},"canonical":"https:\/\/medviu.ch\/fr\/la-numerisation-doit-etre-au-service-des-personnes\/","og_locale":"fr_FR","og_type":"article","og_title":"La num\u00e9risation doit \u00eatre au service des personnes - Medviu","og_description":"Contribution d&rsquo;invit\u00e9 de Rober Meyer, Key Account Manager, MediData AG, Root\/LU Le syst\u00e8me de sant\u00e9 suisse figure dans les derniers rangs des classements internationaux en mati\u00e8re de num\u00e9risation. Seules 6% des donn\u00e9es disponibles sont syst\u00e9matiquement r\u00e9utilis\u00e9es. Nous pouvons faire mieux, car la technologie de l&rsquo;information doit optimiser les processus, augmenter la transparence, mettre les partenaires [&hellip;]","og_url":"https:\/\/medviu.ch\/fr\/la-numerisation-doit-etre-au-service-des-personnes\/","og_site_name":"Medviu","article_published_time":"2024-07-09T07:15:02+00:00","article_modified_time":"2024-07-09T07:15:03+00:00","og_image":[{"width":1000,"height":665,"url":"https:\/\/medviu.ch\/wp-content\/uploads\/2023\/10\/MediData-Mitarbeitende-10.jpg","type":"image\/jpeg"}],"author":"Tobias Walt","twitter_card":"summary_large_image","twitter_misc":{"\u00c9crit par":"Tobias Walt","Dur\u00e9e de lecture estim\u00e9e":"4 minutes"},"schema":{"@context":"https:\/\/schema.org","@graph":[{"@type":"Article","@id":"https:\/\/medviu.ch\/fr\/la-numerisation-doit-etre-au-service-des-personnes\/#article","isPartOf":{"@id":"https:\/\/medviu.ch\/fr\/la-numerisation-doit-etre-au-service-des-personnes\/"},"author":{"name":"Tobias Walt","@id":"https:\/\/medviu.ch\/fr\/#\/schema\/person\/e3ffce05daf289ceaa28958b640cb03d"},"headline":"La num\u00e9risation doit \u00eatre au service des personnes","datePublished":"2024-07-09T07:15:02+00:00","dateModified":"2024-07-09T07:15:03+00:00","mainEntityOfPage":{"@id":"https:\/\/medviu.ch\/fr\/la-numerisation-doit-etre-au-service-des-personnes\/"},"wordCount":653,"publisher":{"@id":"https:\/\/medviu.ch\/fr\/#organization"},"image":{"@id":"https:\/\/medviu.ch\/fr\/la-numerisation-doit-etre-au-service-des-personnes\/#primaryimage"},"thumbnailUrl":"https:\/\/medviu.ch\/wp-content\/uploads\/2023\/10\/MediData-Mitarbeitende-10.jpg","keywords":["MediData","num\u00e9risation","syst\u00e8me de sant\u00e9 suisse"],"articleSection":["Gastbeitrag"],"inLanguage":"fr-FR"},{"@type":"WebPage","@id":"https:\/\/medviu.ch\/fr\/la-numerisation-doit-etre-au-service-des-personnes\/","url":"https:\/\/medviu.ch\/fr\/la-numerisation-doit-etre-au-service-des-personnes\/","name":"La num\u00e9risation doit \u00eatre au service des personnes - Medviu","isPartOf":{"@id":"https:\/\/medviu.ch\/fr\/#website"},"primaryImageOfPage":{"@id":"https:\/\/medviu.ch\/fr\/la-numerisation-doit-etre-au-service-des-personnes\/#primaryimage"},"image":{"@id":"https:\/\/medviu.ch\/fr\/la-numerisation-doit-etre-au-service-des-personnes\/#primaryimage"},"thumbnailUrl":"https:\/\/medviu.ch\/wp-content\/uploads\/2023\/10\/MediData-Mitarbeitende-10.jpg","datePublished":"2024-07-09T07:15:02+00:00","dateModified":"2024-07-09T07:15:03+00:00","breadcrumb":{"@id":"https:\/\/medviu.ch\/fr\/la-numerisation-doit-etre-au-service-des-personnes\/#breadcrumb"},"inLanguage":"fr-FR","potentialAction":[{"@type":"ReadAction","target":["https:\/\/medviu.ch\/fr\/la-numerisation-doit-etre-au-service-des-personnes\/"]}]},{"@type":"ImageObject","inLanguage":"fr-FR","@id":"https:\/\/medviu.ch\/fr\/la-numerisation-doit-etre-au-service-des-personnes\/#primaryimage","url":"https:\/\/medviu.ch\/wp-content\/uploads\/2023\/10\/MediData-Mitarbeitende-10.jpg","contentUrl":"https:\/\/medviu.ch\/wp-content\/uploads\/2023\/10\/MediData-Mitarbeitende-10.jpg","width":1000,"height":665},{"@type":"BreadcrumbList","@id":"https:\/\/medviu.ch\/fr\/la-numerisation-doit-etre-au-service-des-personnes\/#breadcrumb","itemListElement":[{"@type":"ListItem","position":1,"name":"Startseite","item":"https:\/\/medviu.ch\/fr\/"},{"@type":"ListItem","position":2,"name":"La num\u00e9risation doit \u00eatre au service des personnes"}]},{"@type":"WebSite","@id":"https:\/\/medviu.ch\/fr\/#website","url":"https:\/\/medviu.ch\/fr\/","name":"Medviu","description":"Medienspiegel Gesundheitswesen Schweiz","publisher":{"@id":"https:\/\/medviu.ch\/fr\/#organization"},"potentialAction":[{"@type":"SearchAction","target":{"@type":"EntryPoint","urlTemplate":"https:\/\/medviu.ch\/fr\/?s={search_term_string}"},"query-input":{"@type":"PropertyValueSpecification","valueRequired":true,"valueName":"search_term_string"}}],"inLanguage":"fr-FR"},{"@type":"Organization","@id":"https:\/\/medviu.ch\/fr\/#organization","name":"Medviu","url":"https:\/\/medviu.ch\/fr\/","logo":{"@type":"ImageObject","inLanguage":"fr-FR","@id":"https:\/\/medviu.ch\/fr\/#\/schema\/logo\/image\/","url":"https:\/\/medviu.ch\/wp-content\/uploads\/2022\/09\/logo_medviu-colored.png","contentUrl":"https:\/\/medviu.ch\/wp-content\/uploads\/2022\/09\/logo_medviu-colored.png","width":180,"height":50,"caption":"Medviu"},"image":{"@id":"https:\/\/medviu.ch\/fr\/#\/schema\/logo\/image\/"}},{"@type":"Person","@id":"https:\/\/medviu.ch\/fr\/#\/schema\/person\/e3ffce05daf289ceaa28958b640cb03d","name":"Tobias Walt","image":{"@type":"ImageObject","inLanguage":"fr-FR","@id":"https:\/\/secure.gravatar.com\/avatar\/4f6314a50eff6bab933dec77295501ef77f5ffbfa56c8d7196c3f038c3f03837?s=96&d=mm&r=g","url":"https:\/\/secure.gravatar.com\/avatar\/4f6314a50eff6bab933dec77295501ef77f5ffbfa56c8d7196c3f038c3f03837?s=96&d=mm&r=g","contentUrl":"https:\/\/secure.gravatar.com\/avatar\/4f6314a50eff6bab933dec77295501ef77f5ffbfa56c8d7196c3f038c3f03837?s=96&d=mm&r=g","caption":"Tobias Walt"},"url":"https:\/\/medviu.ch\/fr\/author\/twalt\/"}]}},"_links":{"self":[{"href":"https:\/\/medviu.ch\/fr\/wp-json\/wp\/v2\/posts\/2992","targetHints":{"allow":["GET"]}}],"collection":[{"href":"https:\/\/medviu.ch\/fr\/wp-json\/wp\/v2\/posts"}],"about":[{"href":"https:\/\/medviu.ch\/fr\/wp-json\/wp\/v2\/types\/post"}],"author":[{"embeddable":true,"href":"https:\/\/medviu.ch\/fr\/wp-json\/wp\/v2\/users\/3"}],"replies":[{"embeddable":true,"href":"https:\/\/medviu.ch\/fr\/wp-json\/wp\/v2\/comments?post=2992"}],"version-history":[{"count":1,"href":"https:\/\/medviu.ch\/fr\/wp-json\/wp\/v2\/posts\/2992\/revisions"}],"predecessor-version":[{"id":2994,"href":"https:\/\/medviu.ch\/fr\/wp-json\/wp\/v2\/posts\/2992\/revisions\/2994"}],"wp:featuredmedia":[{"embeddable":true,"href":"https:\/\/medviu.ch\/fr\/wp-json\/wp\/v2\/media\/2319"}],"wp:attachment":[{"href":"https:\/\/medviu.ch\/fr\/wp-json\/wp\/v2\/media?parent=2992"}],"wp:term":[{"taxonomy":"category","embeddable":true,"href":"https:\/\/medviu.ch\/fr\/wp-json\/wp\/v2\/categories?post=2992"},{"taxonomy":"post_tag","embeddable":true,"href":"https:\/\/medviu.ch\/fr\/wp-json\/wp\/v2\/tags?post=2992"}],"curies":[{"name":"wp","href":"https:\/\/api.w.org\/{rel}","templated":true}]}}